{"id":18635,"date":"2024-03-07T08:58:53","date_gmt":"2024-03-07T11:58:53","guid":{"rendered":"https:\/\/dgospel.com.br\/portal\/?p=18635"},"modified":"2024-03-21T23:20:13","modified_gmt":"2024-03-22T02:20:13","slug":"stf-adia-decisao-sobre-descriminalizacao-do-porte-de-drogas-apos-pedido-de-vista-de-toffoli","status":"publish","type":"post","link":"https:\/\/dgospel.com.br\/portal\/index.php\/2024\/03\/07\/stf-adia-decisao-sobre-descriminalizacao-do-porte-de-drogas-apos-pedido-de-vista-de-toffoli\/","title":{"rendered":"Ap\u00f3s visitar UPA Rubens Uch\u00f4a diz que sa\u00fade p\u00fablica de Palmas est\u00e1 uma situa\u00e7\u00e3o\u00a0\u201cvergonhosa\u201d"},"content":{"rendered":"\n<p>Durante a sess\u00e3o da C\u00e2mara de Palmas, desta quinta-feira (7) o vereador Rubens Uch\u00f4a (UB) manifestou sua insatisfa\u00e7\u00e3o com o estado atual da sa\u00fade p\u00fablica na Capital, especificamente ap\u00f3s uma visita \u00e0 Unidade de Pronto Atendimento (UPA) da regi\u00e3o Norte.<\/p>\n\n\n\n<p>O cen\u00e1rio descrito pelo parlamentar \u00e9 de superlota\u00e7\u00e3o, escassez de m\u00e9dicos, profissionais de sa\u00fade e falta de medicamentos essenciais para atender \u00e0s emerg\u00eancias da popula\u00e7\u00e3o.<\/p>\n\n\n\n<p>Durante seu discurso na tribuna, Rubens detalhou:&nbsp;<em>\u201cEstava superlotado, ainda falta m\u00e9dicos, falta profissionais, falta medicamentos para o cidad\u00e3o que necessita na hora da emerg\u00eancia\u201d.<\/em>&nbsp;Ele tamb\u00e9m criticou a retirada da farm\u00e1cia que funcionava dentro da UPA.&nbsp;<em>\u201cAntigamente tinha uma farm\u00e1cia, mas a situa\u00e7\u00e3o piorou. \u00c9 um retrocesso quando se trata da UPA Norte, porque a farm\u00e1cia que tinha l\u00e1, para o cidad\u00e3o que n\u00e3o tem condi\u00e7\u00e3o de comprar no particular, tiraram a farm\u00e1cia da UPA Norte\u201d,<\/em>&nbsp;lamentou.<\/p>\n\n\n\n<p><a href=\"https:\/\/soudepalmas.com.br\/politica\/aprovado-requerimento-em-que-o-vereador-josmundo-solicita-reforma-no-cras-da-quadra-407-norte\"><strong><\/strong><\/a><\/p>\n\n\n\n<p>Rubens Uch\u00f4a n\u00e3o poupou cr\u00edticas \u00e0 gest\u00e3o atual da sa\u00fade na cidade, considerando a situa\u00e7\u00e3o como \u201cvergonhosa\u201d e contrapondo-se a declara\u00e7\u00f5es oficiais que afirmam que tudo est\u00e1 organizado.\u00a0<em>\u201cIsso \u00e9 vergonhoso, a situa\u00e7\u00e3o que anda a sa\u00fade de Palmas. A\u00ed sobem aqui e dizem que est\u00e1 tudo organizado, mas n\u00e3o est\u00e1. Porque o Minist\u00e9rio P\u00fablico n\u00e3o est\u00e1 mentindo, porque eles estiveram fiscalizando e viram que continua faltando servidores\u201d<\/em>.<\/p>\n\n\n\n<p>Fonte: soudepalmas<\/p>\n","protected":false},"excerpt":{"rendered":"<p>Durante a sess\u00e3o da C\u00e2mara de Palmas, desta quinta-feira (7) o vereador Rubens Uch\u00f4a (UB) manifestou sua insatisfa\u00e7\u00e3o com o estado atual da sa\u00fade p\u00fablica na Capital, especificamente ap\u00f3s uma visita \u00e0 Unidade de Pronto Atendimento (UPA) da regi\u00e3o Norte. O cen\u00e1rio descrito pelo parlamentar \u00e9 de superlota\u00e7\u00e3o, escassez de m\u00e9dicos, profissionais de sa\u00fade e [&hellip;]<\/p>\n","protected":false},"author":2,"featured_media":18797,"comment_status":"open","ping_status":"open","sticky":false,"template":"","format":"standard","meta":[],"categories":[8],"tags":[],"_links":{"self":[{"href":"https:\/\/dgospel.com.br\/portal\/index.php\/wp-json\/wp\/v2\/posts\/18635"}],"collection":[{"href":"https:\/\/dgospel.com.br\/portal\/index.php\/wp-json\/wp\/v2\/posts"}],"about":[{"href":"https:\/\/dgospel.com.br\/portal\/index.php\/wp-json\/wp\/v2\/types\/post"}],"author":[{"embeddable":true,"href":"https:\/\/dgospel.com.br\/portal\/index.php\/wp-json\/wp\/v2\/users\/2"}],"replies":[{"embeddable":true,"href":"https:\/\/dgospel.com.br\/portal\/index.php\/wp-json\/wp\/v2\/comments?post=18635"}],"version-history":[{"count":2,"href":"https:\/\/dgospel.com.br\/portal\/index.php\/wp-json\/wp\/v2\/posts\/18635\/revisions"}],"predecessor-version":[{"id":18798,"href":"https:\/\/dgospel.com.br\/portal\/index.php\/wp-json\/wp\/v2\/posts\/18635\/revisions\/18798"}],"wp:featuredmedia":[{"embeddable":true,"href":"https:\/\/dgospel.com.br\/portal\/index.php\/wp-json\/wp\/v2\/media\/18797"}],"wp:attachment":[{"href":"https:\/\/dgospel.com.br\/portal\/index.php\/wp-json\/wp\/v2\/media?parent=18635"}],"wp:term":[{"taxonomy":"category","embeddable":true,"href":"https:\/\/dgospel.com.br\/portal\/index.php\/wp-json\/wp\/v2\/categories?post=18635"},{"taxonomy":"post_tag","embeddable":true,"href":"https:\/\/dgospel.com.br\/portal\/index.php\/wp-json\/wp\/v2\/tags?post=18635"}],"curies":[{"name":"wp","href":"https:\/\/api.w.org\/{rel}","templated":true}]}}