{"id":18638,"date":"2024-03-07T09:02:23","date_gmt":"2024-03-07T12:02:23","guid":{"rendered":"https:\/\/dgospel.com.br\/portal\/?p=18638"},"modified":"2024-03-07T09:02:23","modified_gmt":"2024-03-07T12:02:23","slug":"nikolas-e-o-novo-presidente-da-comissao-de-educacao-da-camara","status":"publish","type":"post","link":"https:\/\/dgospel.com.br\/portal\/index.php\/2024\/03\/07\/nikolas-e-o-novo-presidente-da-comissao-de-educacao-da-camara\/","title":{"rendered":"Nikolas \u00e9 o novo presidente da Comiss\u00e3o de Educa\u00e7\u00e3o da C\u00e2mara"},"content":{"rendered":"\n<p>Nesta quarta-feira (6), o deputado federal Nikolas Ferreira (PL-MG) foi eleito presidente da Comiss\u00e3o de Educa\u00e7\u00e3o da C\u00e2mara dos Deputados. Ele recebeu 22 votos de um total de 37 \u2013 houve 15 votos em branco.<\/p>\n\n\n\n<p>Desta forma, Ferreira substitui o deputado Moses Rodrigues (Uni\u00e3o-CE) na presid\u00eancia da comiss\u00e3o. Sua indica\u00e7\u00e3o, feita pelo Partido Liberal, enfrentou resist\u00eancia por parte dos deputados de esquerda.<\/p>\n\n\n\n<p>Ap\u00f3s ter seu nome aprovado, o parlamentar, que est\u00e1 em licen\u00e7a-paternidade, enviou um v\u00eddeo ao colegiado para agradecer os votos e se comprometer em debater ideias para melhorar a educa\u00e7\u00e3o do pa\u00eds.<\/p>\n\n\n\n<p>Pelas redes sociais, Nikolas tamb\u00e9m listou alguns assuntos importantes que estar\u00e3o em pauta neste ano.<\/p>\n\n\n\n<p>\u2013 Debateremos assuntos importantes e complexos como: Plano Nacional de Educa\u00e7\u00e3o, Seguran\u00e7a nas Escolas, fortalecimento da Educa\u00e7\u00e3o B\u00e1sica, homeschooling, dentre diversos outros temas que s\u00e3o importantes para a Educa\u00e7\u00e3o em nosso pa\u00eds \u2013 informou.<\/p>\n\n\n\n<p>O parlamentar mineiro tamb\u00e9m falou que a comiss\u00e3o ir\u00e1 realizar audi\u00eancias p\u00fablicas, criar\u00e1 subcomiss\u00f5es e far\u00e1 tamb\u00e9m a fiscaliza\u00e7\u00e3o da pol\u00edtica nacional de Educa\u00e7\u00e3o do atual governo.<\/p>\n\n\n\n<p>\u2013 Estou comprometido em trabalhar com a Comiss\u00e3o para que a educa\u00e7\u00e3o no Brasil seja um alicerce s\u00f3lido para todos \u2013 completou Nikolas Ferreira.<\/p>\n","protected":false},"excerpt":{"rendered":"<p>Nesta quarta-feira (6), o deputado federal Nikolas Ferreira (PL-MG) foi eleito presidente da Comiss\u00e3o de Educa\u00e7\u00e3o da C\u00e2mara dos Deputados. Ele recebeu 22 votos de um total de 37 \u2013 houve 15 votos em branco. Desta forma, Ferreira substitui o deputado Moses Rodrigues (Uni\u00e3o-CE) na presid\u00eancia da comiss\u00e3o. Sua indica\u00e7\u00e3o, feita pelo Partido Liberal, enfrentou [&hellip;]<\/p>\n","protected":false},"author":2,"featured_media":18639,"comment_status":"open","ping_status":"open","sticky":false,"template":"","format":"standard","meta":[],"categories":[8,11,12],"tags":[13],"_links":{"self":[{"href":"https:\/\/dgospel.com.br\/portal\/index.php\/wp-json\/wp\/v2\/posts\/18638"}],"collection":[{"href":"https:\/\/dgospel.com.br\/portal\/index.php\/wp-json\/wp\/v2\/posts"}],"about":[{"href":"https:\/\/dgospel.com.br\/portal\/index.php\/wp-json\/wp\/v2\/types\/post"}],"author":[{"embeddable":true,"href":"https:\/\/dgospel.com.br\/portal\/index.php\/wp-json\/wp\/v2\/users\/2"}],"replies":[{"embeddable":true,"href":"https:\/\/dgospel.com.br\/portal\/index.php\/wp-json\/wp\/v2\/comments?post=18638"}],"version-history":[{"count":1,"href":"https:\/\/dgospel.com.br\/portal\/index.php\/wp-json\/wp\/v2\/posts\/18638\/revisions"}],"predecessor-version":[{"id":18640,"href":"https:\/\/dgospel.com.br\/portal\/index.php\/wp-json\/wp\/v2\/posts\/18638\/revisions\/18640"}],"wp:featuredmedia":[{"embeddable":true,"href":"https:\/\/dgospel.com.br\/portal\/index.php\/wp-json\/wp\/v2\/media\/18639"}],"wp:attachment":[{"href":"https:\/\/dgospel.com.br\/portal\/index.php\/wp-json\/wp\/v2\/media?parent=18638"}],"wp:term":[{"taxonomy":"category","embeddable":true,"href":"https:\/\/dgospel.com.br\/portal\/index.php\/wp-json\/wp\/v2\/categories?post=18638"},{"taxonomy":"post_tag","embeddable":true,"href":"https:\/\/dgospel.com.br\/portal\/index.php\/wp-json\/wp\/v2\/tags?post=18638"}],"curies":[{"name":"wp","href":"https:\/\/api.w.org\/{rel}","templated":true}]}}