{"id":1864,"date":"2018-11-16T16:22:06","date_gmt":"2018-11-16T18:22:06","guid":{"rendered":"http:\/\/dgospel.com.br\/portal\/?p=1864"},"modified":"2018-11-16T16:22:06","modified_gmt":"2018-11-16T18:22:06","slug":"prefeitura-de-palmas-e-governo-federal-assinam-contrato-para-construcao-de-500-casas-no-jardim-vitoria-ii","status":"publish","type":"post","link":"https:\/\/dgospel.com.br\/portal\/index.php\/2018\/11\/16\/prefeitura-de-palmas-e-governo-federal-assinam-contrato-para-construcao-de-500-casas-no-jardim-vitoria-ii\/","title":{"rendered":"Prefeitura de Palmas e Governo Federal assinam contrato para constru\u00e7\u00e3o de 500 casas no Jardim Vit\u00f3ria II"},"content":{"rendered":"<p class=\"yiv5134120688MsoNormal\">A Prefeitura de Palmas garantiu recursos da ordem de R$ 40 milh\u00f5es para a constru\u00e7\u00e3o de mais 500 unidades habitacionais no Jardim Vit\u00f3ria II, regi\u00e3o Sul de Palmas. O contrato j\u00e1 est\u00e1 confirmado entre o Munic\u00edpio e o Minist\u00e9rio das Cidades e ser\u00e1 assinado na pr\u00f3xima segunda-feira, 19, em evento na Capital que contar\u00e1 com a presen\u00e7a do ministro Alexandre Baldy e de representantes da Caixa Econ\u00f4mica Federal no Tocantins.\u00a0<span style=\"font-family: Arial, sans-serif;\">Com mais essas novas 500 casas, Palmas totaliza 2.240 unidades habitacionais do Programa Minha Casa, Minha Vida em constru\u00e7\u00e3o, no munic\u00edpio de Palmas.<\/span><\/p>\n<p class=\"yiv5134120688MsoNormal\">A libera\u00e7\u00e3o dos recursos foi assegurada no final do m\u00eas de setembro deste ano, em uma audi\u00eancia entre a prefeita e Baldy. O encontro foi resultado de uma articula\u00e7\u00e3o conjunta com o presidente da Federa\u00e7\u00e3o das Ind\u00fastrias do Tocantins (Fieto), Roberto Pires e contou com a presen\u00e7a dos secret\u00e1rios de Infraestrutura e Servi\u00e7os P\u00fablicos, Ant\u00f4nio Trabulsi, de Governo e Rela\u00e7\u00f5es Institucionais, C\u00e9sar Augusto Guimar\u00e3es, e o secret\u00e1rio de Habita\u00e7\u00e3o e de Capta\u00e7\u00e3o de Recursos e Energias Sustent\u00e1veis, F\u00e1bio Frantz.<\/p>\n<p class=\"yiv5134120688MsoNormal\">As unidades habitacionais ser\u00e3o na modalidade casas (constru\u00e7\u00e3o horizontal), viabilizadas pelo Programa Minha Casa Minha Vida &#8211; Fundo de Arrendamento Residencial, Faixa 1, que beneficia fam\u00edlias com renda de at\u00e9 R$ 1.800. A rela\u00e7\u00e3o das propostas selecionadas j\u00e1 foi publicada no Di\u00e1rio Oficial da Uni\u00e3o (DOU).<\/p>\n<p class=\"yiv5134120688MsoNormal\">A primeira etapa do empreendimento Jardim Vit\u00f3ria I j\u00e1 se encontra em desenvolvimento com outras 500 unidades residenciais. O Setor Jardim Vit\u00f3ria est\u00e1 localizado ao lado do setor industrial de Taquaralto.<\/p>\n<p class=\"yiv5134120688MsoNormal\">A prefeita Cinthia Ribeiro considerou que a assinatura deste contrato representa o reconhecimento do Governo Federal \u00e0 forma respons\u00e1vel que o munic\u00edpio de Palmas conduz seus projetos habitacionais. \u201cSomos criteriosos na sele\u00e7\u00e3o das fam\u00edlias e cuidamos para que sejam beneficiadas as que realmente se enquadram no programa\u201d, destaca a prefeita.<\/p>\n<p class=\"yiv5134120688MsoNormal\">Ela avaliou ainda que as obras no Jardim Vit\u00f3ria, al\u00e9m de garantirem cidadania \u00e0s fam\u00edlias palmenses, ainda contribuem com o fortalecimento da economia local, pois gera empregos diretos e indiretos, nas \u00e1reas da constru\u00e7\u00e3o civil, de alimenta\u00e7\u00e3o, dentre outros.<\/p>\n","protected":false},"excerpt":{"rendered":"<p>A Prefeitura de Palmas garantiu recursos da ordem de R$ 40 milh\u00f5es para a constru\u00e7\u00e3o de mais 500 unidades habitacionais no Jardim Vit\u00f3ria II, regi\u00e3o Sul de Palmas. O contrato j\u00e1 est\u00e1 confirmado entre o Munic\u00edpio e o Minist\u00e9rio das Cidades e ser\u00e1 assinado na pr\u00f3xima segunda-feira, 19, em evento na Capital que contar\u00e1 com [&hellip;]<\/p>\n","protected":false},"author":2,"featured_media":1865,"comment_status":"open","ping_status":"open","sticky":false,"template":"","format":"standard","meta":[],"categories":[2,3],"tags":[],"_links":{"self":[{"href":"https:\/\/dgospel.com.br\/portal\/index.php\/wp-json\/wp\/v2\/posts\/1864"}],"collection":[{"href":"https:\/\/dgospel.com.br\/portal\/index.php\/wp-json\/wp\/v2\/posts"}],"about":[{"href":"https:\/\/dgospel.com.br\/portal\/index.php\/wp-json\/wp\/v2\/types\/post"}],"author":[{"embeddable":true,"href":"https:\/\/dgospel.com.br\/portal\/index.php\/wp-json\/wp\/v2\/users\/2"}],"replies":[{"embeddable":true,"href":"https:\/\/dgospel.com.br\/portal\/index.php\/wp-json\/wp\/v2\/comments?post=1864"}],"version-history":[{"count":1,"href":"https:\/\/dgospel.com.br\/portal\/index.php\/wp-json\/wp\/v2\/posts\/1864\/revisions"}],"predecessor-version":[{"id":1866,"href":"https:\/\/dgospel.com.br\/portal\/index.php\/wp-json\/wp\/v2\/posts\/1864\/revisions\/1866"}],"wp:featuredmedia":[{"embeddable":true,"href":"https:\/\/dgospel.com.br\/portal\/index.php\/wp-json\/wp\/v2\/media\/1865"}],"wp:attachment":[{"href":"https:\/\/dgospel.com.br\/portal\/index.php\/wp-json\/wp\/v2\/media?parent=1864"}],"wp:term":[{"taxonomy":"category","embeddable":true,"href":"https:\/\/dgospel.com.br\/portal\/index.php\/wp-json\/wp\/v2\/categories?post=1864"},{"taxonomy":"post_tag","embeddable":true,"href":"https:\/\/dgospel.com.br\/portal\/index.php\/wp-json\/wp\/v2\/tags?post=1864"}],"curies":[{"name":"wp","href":"https:\/\/api.w.org\/{rel}","templated":true}]}}