{"id":18647,"date":"2024-03-07T09:16:11","date_gmt":"2024-03-07T12:16:11","guid":{"rendered":"https:\/\/dgospel.com.br\/portal\/?p=18647"},"modified":"2024-03-07T09:16:13","modified_gmt":"2024-03-07T12:16:13","slug":"10-surdos-sao-batizados-em-evento-com-traducao-em-libras-no-maranhao","status":"publish","type":"post","link":"https:\/\/dgospel.com.br\/portal\/index.php\/2024\/03\/07\/10-surdos-sao-batizados-em-evento-com-traducao-em-libras-no-maranhao\/","title":{"rendered":"10 surdos s\u00e3o batizados em evento com tradu\u00e7\u00e3o em Libras no Maranh\u00e3o"},"content":{"rendered":"\n<p>Dez surdos foram batizados e outros tiveram a oportunidade de estudar a&nbsp;<a href=\"https:\/\/www.guiame.com.br\/gospel\/mundo-cristao\/traducao-do-novo-testamento-na-linguagem-brasileira-de-sinais-e-concluida.html\"><strong>B\u00edblia<\/strong><\/a>, em um evento no munic\u00edpio de Graja\u00fa, no Maranh\u00e3o.<\/p>\n\n\n\n<p>O \u201cAdorai 2024\u201d, uma campanha anual da Igreja Adventista, abra\u00e7ou a comunidade surda e fortaleceu a inclus\u00e3o gra\u00e7as ao aux\u00edlio de um int\u00e9rprete de L\u00edngua Brasileira de Sinais (Libras).&nbsp;<\/p>\n\n\n\n<p>A tradicional semana de ora\u00e7\u00e3o virtual tem o objetivo de alcan\u00e7ar as regi\u00f5es do Amap\u00e1, Par\u00e1 e Maranh\u00e3o.<\/p>\n\n\n\n<p>A partir dos recursos de acessibilidade, os surdos tiveram a oportunidade de ter um&nbsp;<a href=\"https:\/\/www.guiame.com.br\/gospel\/missoes-acao-social\/cresce-o-numero-de-surdos-evangelizados-no-mundo-muitos-se-tornam-missionarios.html\"><strong>encontro real e di\u00e1rio com Jesus<\/strong><\/a>.<\/p>\n\n\n\n<p>Segundo dados do Instituto Brasileiro de Geografia e Estat\u00edstica (IBGE), o Brasil possui 9 milh\u00f5es de pessoas surdas. S\u00f3 no Maranh\u00e3o, o n\u00famero de pessoas com algum tipo de defici\u00eancia auditiva passa dos 6.500.&nbsp;<\/p>\n\n\n\n<p>Ent\u00e3o, o trabalho de inclus\u00e3o, especialmente nas igrejas, tem mudado a vida de pessoas como Eurico \u00c1vila.&nbsp;<\/p>\n\n\n\n<p>\u201cEstamos felizes. N\u00f3s, surdos, gostar\u00edamos de agradecer ao Adorai por ter a interpreta\u00e7\u00e3o e tamb\u00e9m parabenizar os int\u00e9rpretes porque gra\u00e7as a isso conseguimos participar\u201d, afirmou ele.<\/p>\n\n\n\n<p><strong>Igrejas acess\u00edveis&nbsp;<\/strong><\/p>\n\n\n\n<p>Ana Paula Arruda, pioneira na linguagem de sinais da igreja, contou que \u00e9 gratificante ver os frutos do trabalho iniciado em 2006.&nbsp;<\/p>\n\n\n\n<p>\u201cFico muito feliz ao perceber que as pessoas est\u00e3o despertando o interesse em aprender Libras. Me sinto honrada por Deus ter me escolhido para esse minist\u00e9rio. Come\u00e7amos com um, hoje temos v\u00e1rios surdos batizados\u201d, testemunhou ela.<\/p>\n\n\n\n<p>Em Imperatriz, segunda maior cidade do Maranh\u00e3o, tamb\u00e9m h\u00e1 um trabalho com a comunidade surda.<\/p>\n\n\n\n<p>Maria Jesus Queiroz, diretora do minist\u00e9rio, est\u00e1 evangelizando Gildeane Alves, que \u00e9 surda, e a filha dela, Juliane, que \u00e9 ouvinte.<\/p>\n\n\n\n<p>\u201cEstamos fazendo um trabalho com m\u00e3e, filha e av\u00f3. Oramos pela decis\u00e3o delas\u201d, disse Maria.<\/p>\n\n\n\n<p><img src=\"https:\/\/thumbor.guiame.com.br\/unsafe\/smart\/https:\/\/media.guiame.com.br\/archives\/2024\/03\/06\/3274660001-.jpg\" alt=\"\" width=\"600\"><br><sup>Int\u00e9rprete de Libras. (Foto: Reprodu\u00e7\u00e3o\/Not\u00edcias Adventistas\/Nucom &#8211; Adorai 2024)<\/sup><\/p>\n\n\n\n<p>Leonardo Siqueira, foi um dos int\u00e9rpretes de&nbsp;<a href=\"https:\/\/www.guiame.com.br\/busca?termo=libras\"><strong>Libras&nbsp;<\/strong><\/a>volunt\u00e1rios no Adorai 2024, ele afirmou que se sente parte importante na proclama\u00e7\u00e3o do Evangelho.&nbsp;<\/p>\n\n\n\n<p>\u201cEu me sinto um instrumento. Sempre fa\u00e7o uma ora\u00e7\u00e3o antes de interpretar, para que n\u00e3o seja eu falando, mas para que seja a mensagem de Deus, passando pelo pastor, que passa por mim at\u00e9 chegar \u00e0 pessoa surda\u201d, contou ele.<\/p>\n\n\n\n<p>Essa \u00e9 a 13\u00aa edi\u00e7\u00e3o do Adorai, que teve in\u00edcio no dia 24 de fevereiro e terminou no dia 2 de mar\u00e7o.&nbsp;<\/p>\n","protected":false},"excerpt":{"rendered":"<p>Dez surdos foram batizados e outros tiveram a oportunidade de estudar a&nbsp;B\u00edblia, em um evento no munic\u00edpio de Graja\u00fa, no Maranh\u00e3o. O \u201cAdorai 2024\u201d, uma campanha anual da Igreja Adventista, abra\u00e7ou a comunidade surda e fortaleceu a inclus\u00e3o gra\u00e7as ao aux\u00edlio de um int\u00e9rprete de L\u00edngua Brasileira de Sinais (Libras).&nbsp; A tradicional semana de ora\u00e7\u00e3o [&hellip;]<\/p>\n","protected":false},"author":2,"featured_media":18648,"comment_status":"open","ping_status":"open","sticky":false,"template":"","format":"standard","meta":[],"categories":[5],"tags":[],"_links":{"self":[{"href":"https:\/\/dgospel.com.br\/portal\/index.php\/wp-json\/wp\/v2\/posts\/18647"}],"collection":[{"href":"https:\/\/dgospel.com.br\/portal\/index.php\/wp-json\/wp\/v2\/posts"}],"about":[{"href":"https:\/\/dgospel.com.br\/portal\/index.php\/wp-json\/wp\/v2\/types\/post"}],"author":[{"embeddable":true,"href":"https:\/\/dgospel.com.br\/portal\/index.php\/wp-json\/wp\/v2\/users\/2"}],"replies":[{"embeddable":true,"href":"https:\/\/dgospel.com.br\/portal\/index.php\/wp-json\/wp\/v2\/comments?post=18647"}],"version-history":[{"count":1,"href":"https:\/\/dgospel.com.br\/portal\/index.php\/wp-json\/wp\/v2\/posts\/18647\/revisions"}],"predecessor-version":[{"id":18649,"href":"https:\/\/dgospel.com.br\/portal\/index.php\/wp-json\/wp\/v2\/posts\/18647\/revisions\/18649"}],"wp:featuredmedia":[{"embeddable":true,"href":"https:\/\/dgospel.com.br\/portal\/index.php\/wp-json\/wp\/v2\/media\/18648"}],"wp:attachment":[{"href":"https:\/\/dgospel.com.br\/portal\/index.php\/wp-json\/wp\/v2\/media?parent=18647"}],"wp:term":[{"taxonomy":"category","embeddable":true,"href":"https:\/\/dgospel.com.br\/portal\/index.php\/wp-json\/wp\/v2\/categories?post=18647"},{"taxonomy":"post_tag","embeddable":true,"href":"https:\/\/dgospel.com.br\/portal\/index.php\/wp-json\/wp\/v2\/tags?post=18647"}],"curies":[{"name":"wp","href":"https:\/\/api.w.org\/{rel}","templated":true}]}}