{"id":18656,"date":"2024-03-07T10:28:36","date_gmt":"2024-03-07T13:28:36","guid":{"rendered":"https:\/\/dgospel.com.br\/portal\/?p=18656"},"modified":"2024-03-07T10:28:36","modified_gmt":"2024-03-07T13:28:36","slug":"wanderlei-barbosa-cumpre-agenda-na-republica-dominicana-e-laurez-moreira-assume-temporariamente","status":"publish","type":"post","link":"https:\/\/dgospel.com.br\/portal\/index.php\/2024\/03\/07\/wanderlei-barbosa-cumpre-agenda-na-republica-dominicana-e-laurez-moreira-assume-temporariamente\/","title":{"rendered":"Wanderlei Barbosa cumpre agenda na Rep\u00fablica Dominicana e Laurez Moreira assume temporariamente"},"content":{"rendered":"\n<p>O governador do Tocantins, Wanderlei Barbosa, estar\u00e1 em miss\u00e3o oficial na Rep\u00fablica Dominicana no per\u00edodo de 6 a 13 de mar\u00e7o. Nesse per\u00edodo de agenda do governador Wanderlei Barbosa no exterior, o vice-governador Laurez Moreira ficar\u00e1 a cargo da chefia do Poder Executivo.<\/p>\n\n\n\n<p>Na Rep\u00fablica Dominicana, Wanderlei Barbosa e sua comitiva cumprir\u00e3o agenda na Assembleia de Governadores 2024, evento organizado pelo Banco Interamericano de Desenvolvimento (BID) e a Corpora\u00e7\u00e3o Interamericana de Investimentos (BID Invest), e demais compromissos.&nbsp;<\/p>\n\n\n\n<p>O comunicado da viagem e da troca de chefia foi publicado no Di\u00e1rio Oficial do Estado (DOE) desta quarta-feira, 6.<\/p>\n\n\n\n<p><strong>Encontro de l\u00edderes da Am\u00e9rica Latina&nbsp;<\/strong><\/p>\n\n\n\n<p>O Banco Interamericano de Desenvolvimento (BID) e o BID Invest realizam suas reuni\u00f5es anuais da Assembleia de Governadores de 2024 na Rep\u00fablica Dominicana, de 6 a 10 de mar\u00e7o. L\u00edderes econ\u00f4micos e financeiros dos 48 pa\u00edses membros do Banco e do setor privado discutir\u00e3o os desafios e oportunidades de desenvolvimento na Am\u00e9rica Latina, do combate \u00e0s altera\u00e7\u00f5es clim\u00e1ticas at\u00e9 \u00e0 garantia de um crescimento equitativo e sustent\u00e1vel e \u00e0 redu\u00e7\u00e3o da pobreza e da desigualdade.<\/p>\n\n\n\n<p>O evento \u00e9 a 64\u00aa reuni\u00e3o anual da Assembleia de Governadores do BID e a 38\u00aa reuni\u00e3o anual da Assembleia de Governadores do BID Invest.<\/p>\n","protected":false},"excerpt":{"rendered":"<p>O governador do Tocantins, Wanderlei Barbosa, estar\u00e1 em miss\u00e3o oficial na Rep\u00fablica Dominicana no per\u00edodo de 6 a 13 de mar\u00e7o. Nesse per\u00edodo de agenda do governador Wanderlei Barbosa no exterior, o vice-governador Laurez Moreira ficar\u00e1 a cargo da chefia do Poder Executivo. Na Rep\u00fablica Dominicana, Wanderlei Barbosa e sua comitiva cumprir\u00e3o agenda na Assembleia [&hellip;]<\/p>\n","protected":false},"author":2,"featured_media":18657,"comment_status":"open","ping_status":"open","sticky":false,"template":"","format":"standard","meta":[],"categories":[3],"tags":[13],"_links":{"self":[{"href":"https:\/\/dgospel.com.br\/portal\/index.php\/wp-json\/wp\/v2\/posts\/18656"}],"collection":[{"href":"https:\/\/dgospel.com.br\/portal\/index.php\/wp-json\/wp\/v2\/posts"}],"about":[{"href":"https:\/\/dgospel.com.br\/portal\/index.php\/wp-json\/wp\/v2\/types\/post"}],"author":[{"embeddable":true,"href":"https:\/\/dgospel.com.br\/portal\/index.php\/wp-json\/wp\/v2\/users\/2"}],"replies":[{"embeddable":true,"href":"https:\/\/dgospel.com.br\/portal\/index.php\/wp-json\/wp\/v2\/comments?post=18656"}],"version-history":[{"count":1,"href":"https:\/\/dgospel.com.br\/portal\/index.php\/wp-json\/wp\/v2\/posts\/18656\/revisions"}],"predecessor-version":[{"id":18658,"href":"https:\/\/dgospel.com.br\/portal\/index.php\/wp-json\/wp\/v2\/posts\/18656\/revisions\/18658"}],"wp:featuredmedia":[{"embeddable":true,"href":"https:\/\/dgospel.com.br\/portal\/index.php\/wp-json\/wp\/v2\/media\/18657"}],"wp:attachment":[{"href":"https:\/\/dgospel.com.br\/portal\/index.php\/wp-json\/wp\/v2\/media?parent=18656"}],"wp:term":[{"taxonomy":"category","embeddable":true,"href":"https:\/\/dgospel.com.br\/portal\/index.php\/wp-json\/wp\/v2\/categories?post=18656"},{"taxonomy":"post_tag","embeddable":true,"href":"https:\/\/dgospel.com.br\/portal\/index.php\/wp-json\/wp\/v2\/tags?post=18656"}],"curies":[{"name":"wp","href":"https:\/\/api.w.org\/{rel}","templated":true}]}}