{"id":18659,"date":"2024-03-07T10:32:03","date_gmt":"2024-03-07T13:32:03","guid":{"rendered":"https:\/\/dgospel.com.br\/portal\/?p=18659"},"modified":"2024-03-07T10:32:04","modified_gmt":"2024-03-07T13:32:04","slug":"aliados-de-bolsonaro-vao-presidir-principais-comissoes-da-camara","status":"publish","type":"post","link":"https:\/\/dgospel.com.br\/portal\/index.php\/2024\/03\/07\/aliados-de-bolsonaro-vao-presidir-principais-comissoes-da-camara\/","title":{"rendered":"Aliados de Bolsonaro v\u00e3o presidir principais comiss\u00f5es da C\u00e2mara"},"content":{"rendered":"\n<p>A nova configura\u00e7\u00e3o das comiss\u00f5es da C\u00e2mara dos Deputados foi favor\u00e1vel ao Partido Liberal (PL) e a aliados do ex-presidente&nbsp;<a href=\"http:\/\/pleno.news\/tag\/jair-bolsonaro\" target=\"_blank\" rel=\"noreferrer noopener\">Jair Bolsonaro<\/a>&nbsp;(PL). Com 19 dos 30 colegiados permanentes da Casa com os l\u00edderes definidos, o saldo j\u00e1 traz a presen\u00e7a de parlamentares pr\u00f3ximos de Bolsonaro no comando de comiss\u00f5es importantes, como a de Constitui\u00e7\u00e3o e Justi\u00e7a (CCJ) e a de Educa\u00e7\u00e3o.<\/p>\n\n\n\n<p>Naquela que \u00e9 considerada a comiss\u00e3o de maior destaque, a CCJ, o cargo de presidente ser\u00e1 ocupado durante o pr\u00f3ximo ano pela deputada\u00a0<a rel=\"noreferrer noopener\" href=\"http:\/\/pleno.news\/tag\/caroline-de-toni\" target=\"_blank\">Caroline de Toni<\/a>\u00a0(PL-SC). Com a ida da parlamentar para o comando do colegiado, a CCJ tem uma invers\u00e3o governo-oposi\u00e7\u00e3o na lideran\u00e7a, j\u00e1 que o antecessor da congressista do PL era o deputado Rui Falc\u00e3o (PT-SP).<\/p>\n\n\n\n<p>Outra comiss\u00e3o de destaque que ficar\u00e1 nas m\u00e3os do PL \u00e9 a de Educa\u00e7\u00e3o, que passar\u00e1 a ser presidida pelo deputado Nikolas Ferreira (PL-MG). O parlamentar mineiro substituir\u00e1 Moses Rodrigues (Uni\u00e3o Brasil-CE) no cargo. A escolha de Nikolas, por sinal, n\u00e3o foi t\u00e3o bem recebida por parlamentares da ala mais progressista da Casa.<\/p>\n\n\n\n<p>\u2013 O que queremos \u00e9 que tenha respeito ao conjunto da Educa\u00e7\u00e3o aqui, sen\u00e3o essa comiss\u00e3o n\u00e3o vai funcionar \u2013 disse o deputado Tarc\u00edsio Motta (PSOL-RJ).<\/p>\n\n\n\n<p>Um outro nome pr\u00f3ximo de Bolsonaro que vai chefiar um colegiado relevante da C\u00e2mara \u00e9 o deputado Alberto Fraga (PL-DF). Em seu quinto mandato, o congressista assume o comando da Comiss\u00e3o de Seguran\u00e7a P\u00fablica, que j\u00e1 era dirigida pelo PL, mas com o deputado Sanderson (PL-RS).<\/p>\n\n\n\n<p>Al\u00e9m dos tr\u00eas, outros dois deputados do Partido Liberal foram eleitos para presidir comiss\u00f5es da C\u00e2mara pelo pr\u00f3ximo ano. S\u00e3o eles: Antonio Carlos Rodrigues (PL-SP), na Comiss\u00e3o de Esporte; e Pastor Eurico (PL-PE), na Comiss\u00e3o de Previd\u00eancia, Assist\u00eancia Social, Inf\u00e2ncia, Adolesc\u00eancia e Fam\u00edlia.<\/p>\n","protected":false},"excerpt":{"rendered":"<p>A nova configura\u00e7\u00e3o das comiss\u00f5es da C\u00e2mara dos Deputados foi favor\u00e1vel ao Partido Liberal (PL) e a aliados do ex-presidente&nbsp;Jair Bolsonaro&nbsp;(PL). Com 19 dos 30 colegiados permanentes da Casa com os l\u00edderes definidos, o saldo j\u00e1 traz a presen\u00e7a de parlamentares pr\u00f3ximos de Bolsonaro no comando de comiss\u00f5es importantes, como a de Constitui\u00e7\u00e3o e Justi\u00e7a [&hellip;]<\/p>\n","protected":false},"author":2,"featured_media":18660,"comment_status":"open","ping_status":"open","sticky":false,"template":"","format":"standard","meta":[],"categories":[4],"tags":[],"_links":{"self":[{"href":"https:\/\/dgospel.com.br\/portal\/index.php\/wp-json\/wp\/v2\/posts\/18659"}],"collection":[{"href":"https:\/\/dgospel.com.br\/portal\/index.php\/wp-json\/wp\/v2\/posts"}],"about":[{"href":"https:\/\/dgospel.com.br\/portal\/index.php\/wp-json\/wp\/v2\/types\/post"}],"author":[{"embeddable":true,"href":"https:\/\/dgospel.com.br\/portal\/index.php\/wp-json\/wp\/v2\/users\/2"}],"replies":[{"embeddable":true,"href":"https:\/\/dgospel.com.br\/portal\/index.php\/wp-json\/wp\/v2\/comments?post=18659"}],"version-history":[{"count":1,"href":"https:\/\/dgospel.com.br\/portal\/index.php\/wp-json\/wp\/v2\/posts\/18659\/revisions"}],"predecessor-version":[{"id":18661,"href":"https:\/\/dgospel.com.br\/portal\/index.php\/wp-json\/wp\/v2\/posts\/18659\/revisions\/18661"}],"wp:featuredmedia":[{"embeddable":true,"href":"https:\/\/dgospel.com.br\/portal\/index.php\/wp-json\/wp\/v2\/media\/18660"}],"wp:attachment":[{"href":"https:\/\/dgospel.com.br\/portal\/index.php\/wp-json\/wp\/v2\/media?parent=18659"}],"wp:term":[{"taxonomy":"category","embeddable":true,"href":"https:\/\/dgospel.com.br\/portal\/index.php\/wp-json\/wp\/v2\/categories?post=18659"},{"taxonomy":"post_tag","embeddable":true,"href":"https:\/\/dgospel.com.br\/portal\/index.php\/wp-json\/wp\/v2\/tags?post=18659"}],"curies":[{"name":"wp","href":"https:\/\/api.w.org\/{rel}","templated":true}]}}