{"id":18662,"date":"2024-03-08T16:12:35","date_gmt":"2024-03-08T19:12:35","guid":{"rendered":"https:\/\/dgospel.com.br\/portal\/?p=18662"},"modified":"2024-03-08T16:12:37","modified_gmt":"2024-03-08T19:12:37","slug":"educacao-nikolas-rebate-chilique-da-esquerda-sobre-comissao","status":"publish","type":"post","link":"https:\/\/dgospel.com.br\/portal\/index.php\/2024\/03\/08\/educacao-nikolas-rebate-chilique-da-esquerda-sobre-comissao\/","title":{"rendered":"Educa\u00e7\u00e3o: Nikolas rebate chilique da esquerda sobre comiss\u00e3o"},"content":{"rendered":"\n<p>Nesta quinta-feira (7), o deputado federal Nikolas Ferreira (PL-MG) usou as redes sociais para rebater cr\u00edticas ap\u00f3s ter sido eleito presidente da Comiss\u00e3o de Educa\u00e7\u00e3o da C\u00e2mara dos Deputados. Ele chamou os opositores de hip\u00f3critas e disse que os cr\u00edticos \u201cque se dizem \u00e0 favor da educa\u00e7\u00e3o do Brasil ignoraram o desespero dos pais e o ensino das crian\u00e7as\u201d durante a pandemia de Covid-19.<\/p>\n\n\n\n<p>Nikolas foi indicado para o posto pelo PL ap\u00f3s o partido decidir que iria comandar a comiss\u00e3o. Como a maior bancada da Casa, a sigla tem prioridade na hora de dividir os colegiados. A escolha, no entanto, foi alvo de cr\u00edticas por parte dos partidos de esquerda.<\/p>\n\n\n\n<p>\u2013 Quando as escolas estavam fechadas, os que se dizem \u00e0 favor da educa\u00e7\u00e3o do Brasil ignoraram o desespero dos pais e o ensino das crian\u00e7as. Mas na hora de fazer campanha pol\u00edtica durante a pandemia, estavam todos na rua. Narrativa nenhuma mudar\u00e1 a hipocrisia de voc\u00eas \u2013 apontou Nikolas Ferreira.<\/p>\n\n\n\n<figure class=\"wp-block-image\"><a href=\"https:\/\/static.cdn.pleno.news\/2024\/03\/Nik.png\"><img src=\"https:\/\/static.cdn.pleno.news\/2024\/03\/Nik.png\" alt=\"\" class=\"wp-image-1289877\"\/><\/a><\/figure>\n\n\n\n<p>O parlamentar tamb\u00e9m disse que pretende dar espa\u00e7o para a oposi\u00e7\u00e3o na comiss\u00e3o.<\/p>\n\n\n\n<p>\u2013 Fiquem tranquilos que a democracia n\u00e3o ser\u00e1 relativa na comiss\u00e3o que irei presidir. Diferente da Venezuela, a oposi\u00e7\u00e3o ter\u00e1 liberdade e seu lugar de fala \u2013 destacou.<\/p>\n\n\n\n<figure class=\"wp-block-image\"><a href=\"https:\/\/static.cdn.pleno.news\/2024\/03\/Nik2.png\"><img src=\"https:\/\/static.cdn.pleno.news\/2024\/03\/Nik2.png\" alt=\"\" class=\"wp-image-1289880\"\/><\/a><\/figure>\n\n\n\n<p><\/p>\n\n\n\n<p><a href=\"https:\/\/pleno.news\/brasil\/politica-nacional\/educacao-nikolas-rebate-chilique-da-esquerda-sobre-comissao.html#!\"><\/a><\/p>\n","protected":false},"excerpt":{"rendered":"<p>Nesta quinta-feira (7), o deputado federal Nikolas Ferreira (PL-MG) usou as redes sociais para rebater cr\u00edticas ap\u00f3s ter sido eleito presidente da Comiss\u00e3o de Educa\u00e7\u00e3o da C\u00e2mara dos Deputados. Ele chamou os opositores de hip\u00f3critas e disse que os cr\u00edticos \u201cque se dizem \u00e0 favor da educa\u00e7\u00e3o do Brasil ignoraram o desespero dos pais e [&hellip;]<\/p>\n","protected":false},"author":2,"featured_media":18663,"comment_status":"open","ping_status":"open","sticky":false,"template":"","format":"standard","meta":[],"categories":[8],"tags":[],"_links":{"self":[{"href":"https:\/\/dgospel.com.br\/portal\/index.php\/wp-json\/wp\/v2\/posts\/18662"}],"collection":[{"href":"https:\/\/dgospel.com.br\/portal\/index.php\/wp-json\/wp\/v2\/posts"}],"about":[{"href":"https:\/\/dgospel.com.br\/portal\/index.php\/wp-json\/wp\/v2\/types\/post"}],"author":[{"embeddable":true,"href":"https:\/\/dgospel.com.br\/portal\/index.php\/wp-json\/wp\/v2\/users\/2"}],"replies":[{"embeddable":true,"href":"https:\/\/dgospel.com.br\/portal\/index.php\/wp-json\/wp\/v2\/comments?post=18662"}],"version-history":[{"count":1,"href":"https:\/\/dgospel.com.br\/portal\/index.php\/wp-json\/wp\/v2\/posts\/18662\/revisions"}],"predecessor-version":[{"id":18664,"href":"https:\/\/dgospel.com.br\/portal\/index.php\/wp-json\/wp\/v2\/posts\/18662\/revisions\/18664"}],"wp:featuredmedia":[{"embeddable":true,"href":"https:\/\/dgospel.com.br\/portal\/index.php\/wp-json\/wp\/v2\/media\/18663"}],"wp:attachment":[{"href":"https:\/\/dgospel.com.br\/portal\/index.php\/wp-json\/wp\/v2\/media?parent=18662"}],"wp:term":[{"taxonomy":"category","embeddable":true,"href":"https:\/\/dgospel.com.br\/portal\/index.php\/wp-json\/wp\/v2\/categories?post=18662"},{"taxonomy":"post_tag","embeddable":true,"href":"https:\/\/dgospel.com.br\/portal\/index.php\/wp-json\/wp\/v2\/tags?post=18662"}],"curies":[{"name":"wp","href":"https:\/\/api.w.org\/{rel}","templated":true}]}}