{"id":18677,"date":"2024-03-08T17:00:01","date_gmt":"2024-03-08T20:00:01","guid":{"rendered":"https:\/\/dgospel.com.br\/portal\/?p=18677"},"modified":"2024-03-08T17:00:02","modified_gmt":"2024-03-08T20:00:02","slug":"barroso-fala-em-combater-uso-abusivo-da-religiao-na-politica","status":"publish","type":"post","link":"https:\/\/dgospel.com.br\/portal\/index.php\/2024\/03\/08\/barroso-fala-em-combater-uso-abusivo-da-religiao-na-politica\/","title":{"rendered":"Barroso fala em combater \u201cuso abusivo\u201d da religi\u00e3o na pol\u00edtica"},"content":{"rendered":"\n<p>O presidente do Supremo Tribunal Federal (STF), Lu\u00eds Roberto Barroso, em mais um epis\u00f3dio de seu ativismo pol\u00edtico, criticou a \u201cmanipula\u00e7\u00e3o pol\u00edtica\u201d da religi\u00e3o para canalizar votos em detrimento de opositores. De acordo com Barroso, a f\u00e9 deve ficar restrita \u00e0 vida privada das pessoas em vez de se estender para um \u201cuso abusivo\u201d por parte de l\u00edderes pol\u00edticos.<\/p>\n\n\n\n<p>O magistrado discursou na Pontif\u00edcia Universidade Cat\u00f3lica do Rio de Janeiro (PUC-Rio), nesta sexta-feira (8), onde militou por alijar a f\u00e9 da seara pol\u00edtica.<\/p>\n\n\n\n<p>\u2013 Precisamos combater a captura da religi\u00e3o para servir a causas pol\u00edticas temporais e n\u00e3o espirituais, a instrumentaliza\u00e7\u00e3o de lideres religiosos para captar votos e dizer \u201co meu advers\u00e1rio \u00e9 o dem\u00f4nio, quem votar nele n\u00e3o vai para o c\u00e9u\u201d. \u00c9 uma forma b\u00e1rbara, anticrist\u00e3, de lidar com a religi\u00e3o \u2013 disse o ministro durante aula magna na PUC-Rio (Pontifica Universidade Cat\u00f3lica do Rio de Janeiro).<\/p>\n\n\n\n<p>Em sua fala, o ministro fala sobre religi\u00e3o, mas faz refer\u00eancia imediata \u00e0 f\u00e9 crist\u00e3. Vale destacar que a maioria dos crist\u00e3os tendem ao conservadorismo e se identificam mais com pautas direitistas. A evidente inclina\u00e7\u00e3o progressista de Barroso o garante em lugar de suspei\u00e7\u00e3o ao propor a separa\u00e7\u00e3o da vis\u00e3o religiosa das pautas ideol\u00f3gicas e pol\u00edticas.<\/p>\n\n\n\n<p>O magistrado selecionou um recorte controverso sobre os atos de 8 de janeiro e disse, sem qualquer comprova\u00e7\u00e3o, que ficou surpreso ao ouvir relatos sobre manifestantes que, ap\u00f3s a depreda\u00e7\u00e3o, se ajoelhavam para rezar.<\/p>\n\n\n\n<p>\u2013 Fiquei imaginando que estranha mistura seria essa da religi\u00e3o com \u00f3dio, porque a religi\u00e3o verdadeira \u00e9 o oposto do \u00f3dio, da viol\u00eancia. \u00c9 a capacidade de lidar com o outro, mesmo quando ele tiver um comportamento absurdo, para compreend\u00ea-lo e convert\u00ea-lo \u2013 sofismou Barroso.<\/p>\n","protected":false},"excerpt":{"rendered":"<p>O presidente do Supremo Tribunal Federal (STF), Lu\u00eds Roberto Barroso, em mais um epis\u00f3dio de seu ativismo pol\u00edtico, criticou a \u201cmanipula\u00e7\u00e3o pol\u00edtica\u201d da religi\u00e3o para canalizar votos em detrimento de opositores. De acordo com Barroso, a f\u00e9 deve ficar restrita \u00e0 vida privada das pessoas em vez de se estender para um \u201cuso abusivo\u201d por [&hellip;]<\/p>\n","protected":false},"author":2,"featured_media":18678,"comment_status":"open","ping_status":"open","sticky":false,"template":"","format":"standard","meta":[],"categories":[11,12,10],"tags":[],"_links":{"self":[{"href":"https:\/\/dgospel.com.br\/portal\/index.php\/wp-json\/wp\/v2\/posts\/18677"}],"collection":[{"href":"https:\/\/dgospel.com.br\/portal\/index.php\/wp-json\/wp\/v2\/posts"}],"about":[{"href":"https:\/\/dgospel.com.br\/portal\/index.php\/wp-json\/wp\/v2\/types\/post"}],"author":[{"embeddable":true,"href":"https:\/\/dgospel.com.br\/portal\/index.php\/wp-json\/wp\/v2\/users\/2"}],"replies":[{"embeddable":true,"href":"https:\/\/dgospel.com.br\/portal\/index.php\/wp-json\/wp\/v2\/comments?post=18677"}],"version-history":[{"count":1,"href":"https:\/\/dgospel.com.br\/portal\/index.php\/wp-json\/wp\/v2\/posts\/18677\/revisions"}],"predecessor-version":[{"id":18679,"href":"https:\/\/dgospel.com.br\/portal\/index.php\/wp-json\/wp\/v2\/posts\/18677\/revisions\/18679"}],"wp:featuredmedia":[{"embeddable":true,"href":"https:\/\/dgospel.com.br\/portal\/index.php\/wp-json\/wp\/v2\/media\/18678"}],"wp:attachment":[{"href":"https:\/\/dgospel.com.br\/portal\/index.php\/wp-json\/wp\/v2\/media?parent=18677"}],"wp:term":[{"taxonomy":"category","embeddable":true,"href":"https:\/\/dgospel.com.br\/portal\/index.php\/wp-json\/wp\/v2\/categories?post=18677"},{"taxonomy":"post_tag","embeddable":true,"href":"https:\/\/dgospel.com.br\/portal\/index.php\/wp-json\/wp\/v2\/tags?post=18677"}],"curies":[{"name":"wp","href":"https:\/\/api.w.org\/{rel}","templated":true}]}}