{"id":18683,"date":"2024-03-12T11:36:17","date_gmt":"2024-03-12T14:36:17","guid":{"rendered":"https:\/\/dgospel.com.br\/portal\/?p=18683"},"modified":"2024-03-12T11:36:19","modified_gmt":"2024-03-12T14:36:19","slug":"gilmar-mendes-diz-haver-no-rio-uma-narcomilicia-evangelica","status":"publish","type":"post","link":"https:\/\/dgospel.com.br\/portal\/index.php\/2024\/03\/12\/gilmar-mendes-diz-haver-no-rio-uma-narcomilicia-evangelica\/","title":{"rendered":"Gilmar Mendes diz haver no Rio uma \u201cnarcomil\u00edcia evang\u00e9lica\u201d"},"content":{"rendered":"\n<p>O ministro do Supremo Tribunal Federal (STF), Gilmar Mendes, concedeu entrevista \u00e0 GloboNews nesta segunda-feira (11) e disse que durante uma reuni\u00e3o na Suprema Corte, presidida pelo ministro Lu\u00eds Roberto Barroso, falou-se sobre a exist\u00eancia de uma \u201cnarcomil\u00edcia evang\u00e9lica\u201d que atua no Rio de Janeiro.<\/p>\n\n\n\n<p>\u2013 Recentemente, o ministro Lu\u00eds Roberto Barroso presidiu uma reuni\u00e3o extremamente t\u00e9cnica sobre essa quest\u00e3o, e um dos oradores falou de algo que \u00e9 raro de se ouvir: uma narcomil\u00edcia evang\u00e9lica, que aparentemente se d\u00e1 no Rio de Janeiro, onde, portanto, haveria hoje j\u00e1 um acordo entre narcotraficantes, milicianos e pertencentes ou integrados a uma rede evang\u00e9lica. \u00c9 algo muito sofisticado \u2013 disse Gilmar.<\/p>\n\n\n\n<p>Em seu coment\u00e1rio, o ministro exp\u00f5e a f\u00e9 de milh\u00f5es de brasileiros sem apresentar qualquer comprova\u00e7\u00e3o das acusa\u00e7\u00f5es levantadas.<\/p>\n\n\n\n<p>Na \u00faltima sexta-feira (8), outro ministro do STF mirou contra os crist\u00e3os no que parece uma a\u00e7\u00e3o coordenada para macular e enfraquecer e religi\u00e3o evang\u00e9lica \u2013 que tanto cresce no Brasil e traz consigo a&nbsp;<a href=\"https:\/\/pleno.news\/brasil\/politica-nacional\/gilmar-mendes-fala-em-exito-do-stf-contra-a-extrema-direita-veja.html\" target=\"_blank\" rel=\"noreferrer noopener\">predomin\u00e2ncia conservadora, de direita<\/a>.<\/p>\n\n\n\n<p>Lu\u00eds Roberto Barroso, presidente da Suprema Corte, teve a ousadia de propor o&nbsp;<a href=\"https:\/\/pleno.news\/brasil\/politica-nacional\/barroso-fala-em-combater-uso-abusivo-da-religiao-na-politica.html\" target=\"_blank\" rel=\"noreferrer noopener\">combate ao que chamou de \u201cuso abusivo\u201d da religi\u00e3o na pol\u00edtica<\/a>, durante palestra na Pontif\u00edcia Universidade Cat\u00f3lica do Rio de Janeiro (PUC-Rio).<\/p>\n\n\n\n<p>De acordo com Barroso, a f\u00e9 deve ficar restrita \u00e0 vida privada das pessoas, em vez de se estender para um \u201cuso abusivo\u201d por parte de l\u00edderes pol\u00edticos.<\/p>\n\n\n\n<p>\u2013 Precisamos combater a captura da religi\u00e3o para servir a causas pol\u00edticas temporais e n\u00e3o espirituais, a instrumentaliza\u00e7\u00e3o de l\u00edderes religiosos para captar votos e dizer \u201co meu advers\u00e1rio \u00e9 o dem\u00f4nio, quem votar nele<br>n\u00e3o vai para o c\u00e9u\u201d. \u00c9 uma forma b\u00e1rbara, anticrist\u00e3, de lidar com a religi\u00e3o \u2013 disse o ministro durante aula magna na PUC-Rio.<\/p>\n\n\n\n<p>Em sua fala, o ministro citou a religi\u00e3o amplamente, mas em seguida fez refer\u00eancia apenas \u00e0 f\u00e9 crist\u00e3, revelando o alvo de seu objetivo ret\u00f3rico.<\/p>\n","protected":false},"excerpt":{"rendered":"<p>O ministro do Supremo Tribunal Federal (STF), Gilmar Mendes, concedeu entrevista \u00e0 GloboNews nesta segunda-feira (11) e disse que durante uma reuni\u00e3o na Suprema Corte, presidida pelo ministro Lu\u00eds Roberto Barroso, falou-se sobre a exist\u00eancia de uma \u201cnarcomil\u00edcia evang\u00e9lica\u201d que atua no Rio de Janeiro. \u2013 Recentemente, o ministro Lu\u00eds Roberto Barroso presidiu uma reuni\u00e3o [&hellip;]<\/p>\n","protected":false},"author":2,"featured_media":18684,"comment_status":"open","ping_status":"open","sticky":false,"template":"","format":"standard","meta":[],"categories":[10],"tags":[],"_links":{"self":[{"href":"https:\/\/dgospel.com.br\/portal\/index.php\/wp-json\/wp\/v2\/posts\/18683"}],"collection":[{"href":"https:\/\/dgospel.com.br\/portal\/index.php\/wp-json\/wp\/v2\/posts"}],"about":[{"href":"https:\/\/dgospel.com.br\/portal\/index.php\/wp-json\/wp\/v2\/types\/post"}],"author":[{"embeddable":true,"href":"https:\/\/dgospel.com.br\/portal\/index.php\/wp-json\/wp\/v2\/users\/2"}],"replies":[{"embeddable":true,"href":"https:\/\/dgospel.com.br\/portal\/index.php\/wp-json\/wp\/v2\/comments?post=18683"}],"version-history":[{"count":1,"href":"https:\/\/dgospel.com.br\/portal\/index.php\/wp-json\/wp\/v2\/posts\/18683\/revisions"}],"predecessor-version":[{"id":18685,"href":"https:\/\/dgospel.com.br\/portal\/index.php\/wp-json\/wp\/v2\/posts\/18683\/revisions\/18685"}],"wp:featuredmedia":[{"embeddable":true,"href":"https:\/\/dgospel.com.br\/portal\/index.php\/wp-json\/wp\/v2\/media\/18684"}],"wp:attachment":[{"href":"https:\/\/dgospel.com.br\/portal\/index.php\/wp-json\/wp\/v2\/media?parent=18683"}],"wp:term":[{"taxonomy":"category","embeddable":true,"href":"https:\/\/dgospel.com.br\/portal\/index.php\/wp-json\/wp\/v2\/categories?post=18683"},{"taxonomy":"post_tag","embeddable":true,"href":"https:\/\/dgospel.com.br\/portal\/index.php\/wp-json\/wp\/v2\/tags?post=18683"}],"curies":[{"name":"wp","href":"https:\/\/api.w.org\/{rel}","templated":true}]}}