{"id":18686,"date":"2024-03-12T11:39:11","date_gmt":"2024-03-12T14:39:11","guid":{"rendered":"https:\/\/dgospel.com.br\/portal\/?p=18686"},"modified":"2024-03-12T11:39:13","modified_gmt":"2024-03-12T14:39:13","slug":"netanyahu-critica-lula-em-carta-enviada-a-bolsonaro-ultrajante","status":"publish","type":"post","link":"https:\/\/dgospel.com.br\/portal\/index.php\/2024\/03\/12\/netanyahu-critica-lula-em-carta-enviada-a-bolsonaro-ultrajante\/","title":{"rendered":"Netanyahu critica Lula em carta enviada a Bolsonaro: \u201cUltrajante\u201d"},"content":{"rendered":"\n<p>O primeiro-ministro de Israel, Benjamin Netanyahu, enviou uma carta ao ex-presidente Jair Bolsonaro (PL) convidando-o para visitar seu pa\u00eds e ver de perto os rastros de destrui\u00e7\u00e3o deixados pelos terroristas do Hamas no Sul do pa\u00eds, ap\u00f3s o ataque de 7 de outubro.<\/p>\n\n\n\n<p>No documento, ao qual o site Metr\u00f3poles teve acesso, o pol\u00edtico israelense tamb\u00e9m critica o presidente Luiz In\u00e1cio Lula da Silva (PT), que \u00e9 considerado \u201cpersona non grata\u201d em seu pa\u00eds por comparar a defesa de Israel com o Holocausto.<\/p>\n\n\n\n<p>\u2013 Ainda ontem, voc\u00ea demonstrou sua solidariedade ao povo e ao Estado de Israel, agitando orgulhosamente a bandeira israelense num com\u00edcio em S\u00e3o Paulo. Esta foi uma rejei\u00e7\u00e3o clara e moralmente s\u00f3lida \u00e0s acusa\u00e7\u00f5es ultrajantes de seu sucessor contra as opera\u00e7\u00f5es das FDI (For\u00e7as de Defesa de Israel) em Gaza.<\/p>\n\n\n\n<p>O convite foi enviado no dia 26 de fevereiro, um dia ap\u00f3s o ato pol\u00edtico de Jair Bolsonaro na Avenida Paulista. Muitas bandeiras de Israel foram erguidas pelos manifestantes e Bolsonaro fez quest\u00e3o de mostrar que continua do lado do povo israelense.<\/p>\n\n\n\n<p>A amizade do ex-presidente brasileiro com o governo israelense foi lembrada tamb\u00e9m por Netanyahu, com que Bolsonaro sempre teve bom relacionamento durante os quatro anos em que esteve na Presid\u00eancia.<\/p>\n\n\n\n<p>\u2013 \u201cSua amizade \u00e9 ainda mais importante em tempos de crise e de guerra e, portanto, convido voc\u00ea e sua fam\u00edlia a visitar Israel para demonstrar sua solidariedade ao povo de Israel \u2013 diz outra parte do documento.<\/p>\n","protected":false},"excerpt":{"rendered":"<p>O primeiro-ministro de Israel, Benjamin Netanyahu, enviou uma carta ao ex-presidente Jair Bolsonaro (PL) convidando-o para visitar seu pa\u00eds e ver de perto os rastros de destrui\u00e7\u00e3o deixados pelos terroristas do Hamas no Sul do pa\u00eds, ap\u00f3s o ataque de 7 de outubro. No documento, ao qual o site Metr\u00f3poles teve acesso, o pol\u00edtico israelense [&hellip;]<\/p>\n","protected":false},"author":2,"featured_media":18687,"comment_status":"open","ping_status":"open","sticky":false,"template":"","format":"standard","meta":[],"categories":[11,12,16],"tags":[],"_links":{"self":[{"href":"https:\/\/dgospel.com.br\/portal\/index.php\/wp-json\/wp\/v2\/posts\/18686"}],"collection":[{"href":"https:\/\/dgospel.com.br\/portal\/index.php\/wp-json\/wp\/v2\/posts"}],"about":[{"href":"https:\/\/dgospel.com.br\/portal\/index.php\/wp-json\/wp\/v2\/types\/post"}],"author":[{"embeddable":true,"href":"https:\/\/dgospel.com.br\/portal\/index.php\/wp-json\/wp\/v2\/users\/2"}],"replies":[{"embeddable":true,"href":"https:\/\/dgospel.com.br\/portal\/index.php\/wp-json\/wp\/v2\/comments?post=18686"}],"version-history":[{"count":1,"href":"https:\/\/dgospel.com.br\/portal\/index.php\/wp-json\/wp\/v2\/posts\/18686\/revisions"}],"predecessor-version":[{"id":18688,"href":"https:\/\/dgospel.com.br\/portal\/index.php\/wp-json\/wp\/v2\/posts\/18686\/revisions\/18688"}],"wp:featuredmedia":[{"embeddable":true,"href":"https:\/\/dgospel.com.br\/portal\/index.php\/wp-json\/wp\/v2\/media\/18687"}],"wp:attachment":[{"href":"https:\/\/dgospel.com.br\/portal\/index.php\/wp-json\/wp\/v2\/media?parent=18686"}],"wp:term":[{"taxonomy":"category","embeddable":true,"href":"https:\/\/dgospel.com.br\/portal\/index.php\/wp-json\/wp\/v2\/categories?post=18686"},{"taxonomy":"post_tag","embeddable":true,"href":"https:\/\/dgospel.com.br\/portal\/index.php\/wp-json\/wp\/v2\/tags?post=18686"}],"curies":[{"name":"wp","href":"https:\/\/api.w.org\/{rel}","templated":true}]}}