{"id":18689,"date":"2024-03-12T11:41:40","date_gmt":"2024-03-12T14:41:40","guid":{"rendered":"https:\/\/dgospel.com.br\/portal\/?p=18689"},"modified":"2024-03-12T11:41:41","modified_gmt":"2024-03-12T14:41:41","slug":"economistas-que-apoiaram-lula-agora-fazem-criticas-ao-governo","status":"publish","type":"post","link":"https:\/\/dgospel.com.br\/portal\/index.php\/2024\/03\/12\/economistas-que-apoiaram-lula-agora-fazem-criticas-ao-governo\/","title":{"rendered":"Economistas que apoiaram Lula agora fazem cr\u00edticas ao governo"},"content":{"rendered":"\n<p>O presidente&nbsp;<a href=\"http:\/\/pleno.news\/tag\/lula\" target=\"_blank\" rel=\"noreferrer noopener\">Luiz In\u00e1cio Lula da Silva<\/a>&nbsp;(PT) ainda nem chegou aos 500 dias em seu terceiro mandato, mas j\u00e1 conseguiu ser alvo de cr\u00edticas at\u00e9 mesmo daqueles que apoiaram seu projeto de poder nas elei\u00e7\u00f5es de 2022. Na \u00e1rea econ\u00f4mica, nomes como Elena Landau, Pedro Malan e Persio Arida, que manifestaram abertamente o voto no petista, hoje falam em atrasos e retrocessos.<\/p>\n\n\n\n<p>Ministro da Fazenda entre 1995 e 2003, Pedro Malan chegou a declarar publicamente antes do 2\u00b0 turno de 2022, em uma carta assinada juntamente com os economistas Arm\u00ednio Fraga, Edmar Bacha e Persio Arida, que votaria em Lula. Na \u00e9poca, o grupo disse que a expectativa deles era \u201cde condu\u00e7\u00e3o respons\u00e1vel da economia\u201d.<\/p>\n\n\n\n<p>J\u00e1 em fevereiro deste ano, em uma coluna do jornal O Estado de S\u00e3o Paulo, Malan disse que \u201ca julgar pelos primeiros 400 dias de Lula III, o pensamento de 15 anos atr\u00e1s perdura\u201d. Na ocasi\u00e3o, o economista destacou que o Estado brasileiro \u201cj\u00e1 se sobrecarregou de obriga\u00e7\u00f5es que testam os limites de sua capacidade\u201d.<\/p>\n\n\n\n<p>\u2013 Ao dispersar demais suas atividades, o Estado fica mais suscet\u00edvel a ceder a interesses isolados, a persistir em promessas que n\u00e3o pode cumprir. A assumir metas e objetivos inalcan\u00e7\u00e1veis, que redundam em d\u00edvidas por equacionar. Principalmente quando receitas n\u00e3o recorrentes s\u00e3o utilizadas para financiar gastos que se tornam permanentes, e crescentes \u2013 escreveu.<\/p>\n\n\n\n<p>Persio Arida, outro signat\u00e1rio da famigerada carta de apoio ao petista, tamb\u00e9m j\u00e1 criticou o terceiro governo Lula. Em entrevista ao jornal Valor Econ\u00f4mico, o economista falou em retrocessos na agenda ambiental e na pol\u00edtica externa e tamb\u00e9m fez cr\u00edticas aos ataques de Lula ao Banco Central.<\/p>\n\n\n\n<p>Elena Landau, que declarou voto em Lula no pleito de 2022, quando disse que o Brasil n\u00e3o podia \u201cser um p\u00e1ria no mundo\u201d, avaliou o programa Nova Ind\u00fastria Brasil, apresentado pelo petista em janeiro, como sendo ruim e com ideias atrasadas. Ao jornal Folha de S\u00e3o Paulo, a economista disse que Lula estava plantando um \u201cnovo desastre\u201d, como fez em 2010.<\/p>\n\n\n\n<p>\u2013 \u00c9 assim: voc\u00ea bota o novo na frente para fazer o velho. De novo, voc\u00ea vai escolher os setores a dedo, de novo voc\u00ea vai dar cr\u00e9dito direcionado, de novo vai interferir no mercado. S\u00f3 \u00e9 com nome novo \u2013 resumiu Elena.<\/p>\n","protected":false},"excerpt":{"rendered":"<p>O presidente&nbsp;Luiz In\u00e1cio Lula da Silva&nbsp;(PT) ainda nem chegou aos 500 dias em seu terceiro mandato, mas j\u00e1 conseguiu ser alvo de cr\u00edticas at\u00e9 mesmo daqueles que apoiaram seu projeto de poder nas elei\u00e7\u00f5es de 2022. Na \u00e1rea econ\u00f4mica, nomes como Elena Landau, Pedro Malan e Persio Arida, que manifestaram abertamente o voto no petista, [&hellip;]<\/p>\n","protected":false},"author":2,"featured_media":18690,"comment_status":"open","ping_status":"open","sticky":false,"template":"","format":"standard","meta":[],"categories":[11,12,10],"tags":[13],"_links":{"self":[{"href":"https:\/\/dgospel.com.br\/portal\/index.php\/wp-json\/wp\/v2\/posts\/18689"}],"collection":[{"href":"https:\/\/dgospel.com.br\/portal\/index.php\/wp-json\/wp\/v2\/posts"}],"about":[{"href":"https:\/\/dgospel.com.br\/portal\/index.php\/wp-json\/wp\/v2\/types\/post"}],"author":[{"embeddable":true,"href":"https:\/\/dgospel.com.br\/portal\/index.php\/wp-json\/wp\/v2\/users\/2"}],"replies":[{"embeddable":true,"href":"https:\/\/dgospel.com.br\/portal\/index.php\/wp-json\/wp\/v2\/comments?post=18689"}],"version-history":[{"count":1,"href":"https:\/\/dgospel.com.br\/portal\/index.php\/wp-json\/wp\/v2\/posts\/18689\/revisions"}],"predecessor-version":[{"id":18691,"href":"https:\/\/dgospel.com.br\/portal\/index.php\/wp-json\/wp\/v2\/posts\/18689\/revisions\/18691"}],"wp:featuredmedia":[{"embeddable":true,"href":"https:\/\/dgospel.com.br\/portal\/index.php\/wp-json\/wp\/v2\/media\/18690"}],"wp:attachment":[{"href":"https:\/\/dgospel.com.br\/portal\/index.php\/wp-json\/wp\/v2\/media?parent=18689"}],"wp:term":[{"taxonomy":"category","embeddable":true,"href":"https:\/\/dgospel.com.br\/portal\/index.php\/wp-json\/wp\/v2\/categories?post=18689"},{"taxonomy":"post_tag","embeddable":true,"href":"https:\/\/dgospel.com.br\/portal\/index.php\/wp-json\/wp\/v2\/tags?post=18689"}],"curies":[{"name":"wp","href":"https:\/\/api.w.org\/{rel}","templated":true}]}}