{"id":18692,"date":"2024-03-12T11:46:52","date_gmt":"2024-03-12T14:46:52","guid":{"rendered":"https:\/\/dgospel.com.br\/portal\/?p=18692"},"modified":"2024-03-12T11:46:53","modified_gmt":"2024-03-12T14:46:53","slug":"malafaia-reage-a-fala-de-barroso-sobre-combater-uso-abusivo-da-religiao-na-politica","status":"publish","type":"post","link":"https:\/\/dgospel.com.br\/portal\/index.php\/2024\/03\/12\/malafaia-reage-a-fala-de-barroso-sobre-combater-uso-abusivo-da-religiao-na-politica\/","title":{"rendered":"Malafaia reage \u00e0 fala de Barroso sobre combater \u201cuso abusivo\u201d da religi\u00e3o na pol\u00edtica"},"content":{"rendered":"\n<p>O pastor Silas Malafaia manifestou sua indigna\u00e7\u00e3o com a recente declara\u00e7\u00e3o do ministro Lu\u00eds Roberto Barroso, presidente do Supremo Tribunal Federal (STF), sobre&nbsp;<a href=\"https:\/\/pleno.news\/brasil\/politica-nacional\/barroso-fala-em-combater-uso-abusivo-da-religiao-na-politica.html\" target=\"_blank\" rel=\"noreferrer noopener\">combater o \u201cuso abusivo\u201d da religi\u00e3o na pol\u00edtica<\/a>. Em suas redes sociais, nesta segunda-feira (11), o l\u00edder religioso criticou o que chamou de \u201cfala preconceituosa\u201d do magistrado.<\/p>\n\n\n\n<p>\u2013 Quando \u00e9 que voc\u00eas viram o ministro Barroso dar uma palavra na m\u00eddia sobre a verdadeira doutrina\u00e7\u00e3o comunista de crian\u00e7as nos acampamentos do MST? Nunca! A doutrina\u00e7\u00e3o de l\u00edderes sindicais em cima dos oper\u00e1rios brasileiros com a vertente da esquerda. Nunca falou nada! As universidades s\u00e3o verdadeiros antros de comunistas e esquerdopatas doutrinando nossos jovens. Ele nunca disse nada! E agora, a escola p\u00fablica para crian\u00e7as e adolescentes sendo doutrinadas por professores ideologicamente de esquerda \u2013 declarou.<\/p>\n\n\n\n<p>Malafaia disse que Barroso \u201cest\u00e1 pensando que o povo evang\u00e9lico \u00e9 um bando de imbecis e idiotas alienados, manipulados por um espertalh\u00e3o, que \u00e9 um pastor\u201d.<\/p>\n\n\n\n<p>\u2013 Agora, eu vou dizer o que n\u00f3s temos que combater realmente. (\u2026) O uso abusivo de alguns ministros do STF na pol\u00edtica, e vou dar nome: Barroso e Alexandre de Moraes, que t\u00eam lado. Que j\u00e1 declararam que combatem a direita; quer dizer, n\u00e3o s\u00e3o imparciais. Viraram estrelas midi\u00e1ticas e depois n\u00e3o querem ser confrontados \u2013 afirmou.<\/p>\n\n\n\n<p>O l\u00edder religioso enquadrou os referidos ministros destacando que estes \u201cn\u00e3o se comportam como os magistrados de cortes superiores das na\u00e7\u00f5es democr\u00e1ticas do mundo que se calam porque t\u00eam que ser isentos, t\u00eam que ser terrivelmente imparciais\u201d.<\/p>\n\n\n\n<p>\u2013 Os senhores dois t\u00eam levado o STF ao fundo do po\u00e7o no conceito do povo brasileiro, porque os senhores j\u00e1 demonstraram que t\u00eam lado e combatem aqueles que s\u00e3o contra a ideologia de voc\u00eas \u2013 denunciou Malafaia.<\/p>\n\n\n\n<p><a href=\"https:\/\/www.instagram.com\/reel\/C4YzBBViE88\/?utm_source=ig_embed&amp;ig_rid=5066a845-0868-4f34-ad26-0fe6b0d44a46\">https:\/\/www.instagram.com\/reel\/C4YzBBViE88\/?utm_source=ig_embed&amp;ig_rid=5066a845-0868-4f34-ad26-0fe6b0d44a46<\/a><\/p>\n","protected":false},"excerpt":{"rendered":"<p>O pastor Silas Malafaia manifestou sua indigna\u00e7\u00e3o com a recente declara\u00e7\u00e3o do ministro Lu\u00eds Roberto Barroso, presidente do Supremo Tribunal Federal (STF), sobre&nbsp;combater o \u201cuso abusivo\u201d da religi\u00e3o na pol\u00edtica. Em suas redes sociais, nesta segunda-feira (11), o l\u00edder religioso criticou o que chamou de \u201cfala preconceituosa\u201d do magistrado. \u2013 Quando \u00e9 que voc\u00eas viram [&hellip;]<\/p>\n","protected":false},"author":2,"featured_media":18693,"comment_status":"open","ping_status":"open","sticky":false,"template":"","format":"standard","meta":[],"categories":[5],"tags":[],"_links":{"self":[{"href":"https:\/\/dgospel.com.br\/portal\/index.php\/wp-json\/wp\/v2\/posts\/18692"}],"collection":[{"href":"https:\/\/dgospel.com.br\/portal\/index.php\/wp-json\/wp\/v2\/posts"}],"about":[{"href":"https:\/\/dgospel.com.br\/portal\/index.php\/wp-json\/wp\/v2\/types\/post"}],"author":[{"embeddable":true,"href":"https:\/\/dgospel.com.br\/portal\/index.php\/wp-json\/wp\/v2\/users\/2"}],"replies":[{"embeddable":true,"href":"https:\/\/dgospel.com.br\/portal\/index.php\/wp-json\/wp\/v2\/comments?post=18692"}],"version-history":[{"count":1,"href":"https:\/\/dgospel.com.br\/portal\/index.php\/wp-json\/wp\/v2\/posts\/18692\/revisions"}],"predecessor-version":[{"id":18694,"href":"https:\/\/dgospel.com.br\/portal\/index.php\/wp-json\/wp\/v2\/posts\/18692\/revisions\/18694"}],"wp:featuredmedia":[{"embeddable":true,"href":"https:\/\/dgospel.com.br\/portal\/index.php\/wp-json\/wp\/v2\/media\/18693"}],"wp:attachment":[{"href":"https:\/\/dgospel.com.br\/portal\/index.php\/wp-json\/wp\/v2\/media?parent=18692"}],"wp:term":[{"taxonomy":"category","embeddable":true,"href":"https:\/\/dgospel.com.br\/portal\/index.php\/wp-json\/wp\/v2\/categories?post=18692"},{"taxonomy":"post_tag","embeddable":true,"href":"https:\/\/dgospel.com.br\/portal\/index.php\/wp-json\/wp\/v2\/tags?post=18692"}],"curies":[{"name":"wp","href":"https:\/\/api.w.org\/{rel}","templated":true}]}}