{"id":18695,"date":"2024-03-12T11:52:51","date_gmt":"2024-03-12T14:52:51","guid":{"rendered":"https:\/\/dgospel.com.br\/portal\/?p=18695"},"modified":"2024-03-12T11:52:52","modified_gmt":"2024-03-12T14:52:52","slug":"laurez-moreira-entrega-viatura-e-inaugura-comando-regional-de-policiamento-para-fortalecer-acoes-de-seguranca-em-gurupi-e-regiao","status":"publish","type":"post","link":"https:\/\/dgospel.com.br\/portal\/index.php\/2024\/03\/12\/laurez-moreira-entrega-viatura-e-inaugura-comando-regional-de-policiamento-para-fortalecer-acoes-de-seguranca-em-gurupi-e-regiao\/","title":{"rendered":"Laurez Moreira entrega viatura e inaugura Comando Regional de Policiamento, para fortalecer a\u00e7\u00f5es de seguran\u00e7a em Gurupi e regi\u00e3o"},"content":{"rendered":"\n<p>No m\u00eas em que \u00e9 comemorado o<em>&nbsp;Dia Internacional da Mulher<\/em>, as a\u00e7\u00f5es de combate \u00e0 viol\u00eancia contra as mulheres em Gurupi, no sul do Estado, ganharam um importante refor\u00e7o. O governador em exerc\u00edcio Laurez Moreira entregou, na manh\u00e3 desta segunda-feira, 11, para a 9\u00aa Delegacia Especializada em Atendimento \u00e0 Mulher e Vulner\u00e1veis (9\u00aa Deamv), uma viatura totalmente equipada para fortalecer as atividades da Pol\u00edcia Civil (PCTO) no munic\u00edpio. Tamb\u00e9m foi inaugurada a sede do Comando Regional de Policiamento da Terceira Regi\u00e3o (CRP-3), que vai responder pelos&nbsp;munic\u00edpios da regi\u00e3o sul do Estado.<\/p>\n\n\n\n<p>O ve\u00edculo custou R$ 127,8 mil e foi doado pelo Minist\u00e9rio da Justi\u00e7a e Seguran\u00e7a P\u00fablica (MJSP), como parte do Programa Nacional de Seguran\u00e7a P\u00fablica com Cidadania (Pronasci), do governo federal.<\/p>\n\n\n\n<p>O governador em exerc\u00edcio Laurez Moreira destacou que a seguran\u00e7a p\u00fablica \u00e9 tratada como uma prioridade na gest\u00e3o de Wanderlei Barbosa e essas a\u00e7\u00f5es v\u00eam para implementar ainda mais a estrutura das for\u00e7as de seguran\u00e7a em Gurupi e de toda a regi\u00e3o sul do Tocantins.&nbsp;&#8220;Hoje foi um dia muito importante para Gurupi, porque inauguramos a sede do Comando Regional de Policiamento no 4\u00b0 Batalh\u00e3o da Pol\u00edcia Militar; e entregamos uma viatura para a 9\u00aa Delegacia da Mulher e diversos equipamentos ao Corpo de Bombeiros. \u00c9 isso que n\u00f3s queremos, as for\u00e7as de seguran\u00e7a equipadas, porque a seguran\u00e7a p\u00fablica \u00e9 muito importante para o desenvolvimento do Estado&#8221;, destacou Laurez Moreira, lembrando que a viatura constitui mais uma a\u00e7\u00e3o da pol\u00edtica do Governo do Tocantins voltada para combater a viol\u00eancia contra a mulher, uma luta que deve ser adotada por toda a sociedade.<\/p>\n\n\n\n<p>As a\u00e7\u00f5es do Governo do Tocantins fazem frente a uma estat\u00edstica do F\u00f3rum Brasileiro de Seguran\u00e7a P\u00fablica, que apontam que os \u00edndices de feminic\u00eddio no Brasil alcan\u00e7aram seu maior n\u00famero da s\u00e9rie hist\u00f3rica. No Tocantins, os esfor\u00e7os s\u00e3o not\u00e1veis, como refor\u00e7ou o secret\u00e1rio de Estado da Seguran\u00e7a P\u00fablica, Wlademir Mota Oliveira. &#8220;N\u00e3o h\u00e1 nada mais importante do que fortalecer os instrumentos e as pol\u00edticas p\u00fablicas que favore\u00e7am a seguran\u00e7a e o bem-estar dessas mulheres&#8221;, frisou o secret\u00e1rio, ao citar a parceria com o Minist\u00e9rio da Justi\u00e7a e Seguran\u00e7a P\u00fablica.<\/p>\n\n\n\n<p>A titular da 9\u00aa Deamv, Val\u00e9ria Lustosa Dourado, afirmou que essa viatura agrega ao trabalho realizado diariamente e agiliza o atendimento daqueles que necessitam. &#8220;Em 2023, n\u00f3s realizamos mais de 500 atendimentos e, em todos eles, conseguimos uma resposta r\u00e1pida do Estado. E com certeza, essa viatura que estamos recebendo agregar\u00e1 ainda mais. S\u00f3 tenho a agradecer em nome da 9\u00aa Delegacia de Pol\u00edcia Civil aqui de Gurupi e de toda a popula\u00e7\u00e3o que mais se beneficiar\u00e1 com essa viatura e essa ferramenta de trabalho&#8221;, frisou.<\/p>\n\n\n\n<p>O delegado-geral de Pol\u00edcia Civil, Claudemir Luiz Ferreira, destacou a import\u00e2ncia da ferramenta disponibilizada e elogiou o trabalho realizado pela Delegacia. &#8220;Reconhecemos o trabalho dessas mulheres policiais civis que v\u00eam desempenhando sua fun\u00e7\u00e3o t\u00e3o brilhantemente. Em nome da Pol\u00edcia Civil, fica aqui o nosso reconhecimento&#8221;.<\/p>\n\n\n\n<p><strong>CRP-3<\/strong><\/p>\n\n\n\n<p>O Comando Regional de Policiamento da Terceira Regi\u00e3o (CRP-3) atende \u00e0 Lei Complementar n\u00b0 149\/2023, que estabelece os comandos de policiamento da Pol\u00edcia Militar do Tocantins (PMTO) como unidades de dire\u00e7\u00e3o respons\u00e1veis pelo comando, pelo planejamento, pela supervis\u00e3o, pela coordena\u00e7\u00e3o e pelo controle do emprego das unidades de execu\u00e7\u00e3o operacional e das unidades especializadas da corpora\u00e7\u00e3o.<\/p>\n\n\n\n<p>O CRP-3 abrange as unidades do 4\u00b0 Batalh\u00e3o de Pol\u00edcia Militar de Gurupi; do 10\u00b0 Batalh\u00e3o de Pol\u00edcia Militar de Arraias; do 11\u00b0 Batalh\u00e3o da Pol\u00edcia Militar de Dian\u00f3polis; do 12\u00b0 Batalh\u00e3o da Pol\u00edcia Militar de Taguatinga; da 7\u00aa Companhia Independente da Pol\u00edcia Militar de Alvorada; e da 8\u00aa Companhia Independente de Pol\u00edcia Militar de Palmeir\u00f3polis.<\/p>\n\n\n\n<p>O subcomandante do CPR-3, tenente-coronel Jaime Porfirio, elogiou as instala\u00e7\u00f5es e destacou que o Comando Regional tem fun\u00e7\u00e3o diretiva, de fiscaliza\u00e7\u00e3o e controle das unidades operacionais e a sede em Gurupi fortalecer\u00e1 a Pol\u00edcia Militar na regi\u00e3o sul do Estado. &#8220;Isso \u00e9 uma autonomia, uma descentraliza\u00e7\u00e3o administrativa. Esse comando era exercido em Palmas anteriormente e, hoje, veio para a regi\u00e3o sul do Tocantins&#8221;, explicou.<\/p>\n\n\n\n<p>O chefe de Estado-Maior da Pol\u00edcia Militar, coronel Cl\u00e1udio Tomaz, que representou o comandante-geral da PM, M\u00e1rcio Barbosa, disse que essa iniciativa foi concebida com o prop\u00f3sito de descentralizar a gest\u00e3o da Pol\u00edcia Militar e criar as regionais de Gurupi, Para\u00edso e Aragua\u00edna. &#8220;A ideia foi realmente descentralizar a gest\u00e3o da nossa Pol\u00edcia Militar, trazer os coron\u00e9is, que s\u00f3 ficavam em Palmas, para o interior e aqui recepcionar as demandas, tanto da nossa tropa quanto da sociedade de forma geral, desafogando os comandantes da unidade. Foi uma ideia sonhada, planejada l\u00e1 atr\u00e1s, um trabalho cient\u00edfico que a gente fez e levou ao governador Wanderlei Barbosa, sendo prontamente atendido&#8221;, explicou.<\/p>\n\n\n\n<p>As seis unidades de execu\u00e7\u00e3o operacional do CRP-3 s\u00e3o respons\u00e1veis por um total de 34 munic\u00edpios na regi\u00e3o sul do Tocantins. Esses munic\u00edpios contam com mais de 260 mil habitantes.<\/p>\n\n\n\n<p><strong>Corpo de Bombeiros<\/strong><\/p>\n\n\n\n<p>O governador em exerc\u00edcio ainda esteve na sede do Corpo de Bombeiros, onde entregou equipamentos de prote\u00e7\u00e3o individual \u00e0 corpora\u00e7\u00e3o. &#8220;\u00c9 dever do Estado prestar um bom servi\u00e7o, mas \u00e9 nossa obriga\u00e7\u00e3o tamb\u00e9m dar boas condi\u00e7\u00f5es de servi\u00e7os aos nossos bombeiros&#8221;, frisou Laurez Moreira.<\/p>\n\n\n\n<p>Por sua vez, o comandante-geral do Corpo de Bombeiros, coronel Peterson Ornelas, disse que os equipamentos foram adquiridos por meio do Minist\u00e9rio da Justi\u00e7a e agradeceu, ao governador Wanderlei Barbosa, pelo empenho em proporcionar melhores condi\u00e7\u00f5es de trabalho \u00e0 corpora\u00e7\u00e3o. &#8220;Agrade\u00e7o ao nosso governador&nbsp; Wanderlei Barbosa e ao nosso vice-governador Laurez Moreira, que est\u00e3o sempre buscando o aprimoramento e uma melhor condi\u00e7\u00e3o para que os nossos militares possam trabalhar com efici\u00eancia e proteger a sociedade&#8221;, comemorou.<\/p>\n\n\n\n<p><img src=\"https:\/\/central.to.gov.br\/image\/368492?w=670&amp;h=383\"><\/p>\n\n\n\n<p>Governador em exerc\u00edcio, Laurez Moreira, e o secret\u00e1rio da Seguran\u00e7a P\u00fablica realizam a entrega da viatura \u00e0 Delegacia da Mulher &#8211; Marcio Vieira\/Governo do Tocantins\u00a0<\/p>\n\n\n\n<p><img src=\"https:\/\/central.to.gov.br\/image\/368485?w=670&amp;h=383\"><\/p>\n\n\n\n<p>O governador em exerc\u00edcio Laurez Moreira destacou que a seguran\u00e7a p\u00fablica \u00e9 tratada como uma prioridade na gest\u00e3o de Wanderlei Barbosa durante evento &#8211; Marcio Vieira\/Governo do Tocantins<\/p>\n\n\n\n<p><img src=\"https:\/\/central.to.gov.br\/image\/368494?w=670&amp;h=383\"><\/p>\n\n\n\n<p>O secret\u00e1rio de Estado da Seguran\u00e7a P\u00fablica, Wlademir Mota Oliveira, disse que n\u00e3o h\u00e1 nada mais importante do que fortalecer os instrumentos e as pol\u00edticas p\u00fablicas que favore\u00e7am a seguran\u00e7a &#8211; Marcio Vieira\/Governo do Tocantins\u00a0<\/p>\n\n\n\n<p><img src=\"https:\/\/central.to.gov.br\/image\/368491?w=670&amp;h=383\"><\/p>\n\n\n\n<p>A titular da 9\u00aa DEAMV, Val\u00e9ria Lustosa, disse que a viatura vai agilizar ainda mais os servi\u00e7os &#8211; Marcio Vieira\/Governo do Tocantins\u00a0<\/p>\n\n\n\n<p><img src=\"https:\/\/central.to.gov.br\/image\/368486?w=670&amp;h=383\"><\/p>\n\n\n\n<p>Subcomandante do CRP-3, tenente-coronel Jaime Porfirio, disse essa sede em Gurupi vai fortalecer a Pol\u00edcia Militar na regi\u00e3o sul do Estado\u00a0 &#8211; Marcio Vieira\/Governo do Tocantins\u00a0<\/p>\n\n\n\n<p><img src=\"https:\/\/central.to.gov.br\/image\/368493?w=670&amp;h=383\"><\/p>\n\n\n\n<p>O ve\u00edculo custou R$ 127,8 mil e foi doado pelo Minist\u00e9rio da Justi\u00e7a e Seguran\u00e7a P\u00fablica (MJSP), como parte do Programa Nacional de Seguran\u00e7a P\u00fablica com Cidadania (Pronasci) &#8211; Marcio Vieira\/Governo do Tocantins\u00a0<\/p>\n\n\n\n<p><img src=\"https:\/\/central.to.gov.br\/image\/368487?w=670&amp;h=383\"><\/p>\n\n\n\n<p>Comando Regional de Policiamento da Terceira Regi\u00e3o (CRP-3) atende \u00e0 Lei Complementar n\u00b0 149\/2023, que estabelece os comandos de policiamento da Pol\u00edcia Militar do Tocantins (PMTO) &#8211; Marcio Vieira\/Governo do Tocantins&nbsp;<\/p>\n","protected":false},"excerpt":{"rendered":"<p>No m\u00eas em que \u00e9 comemorado o&nbsp;Dia Internacional da Mulher, as a\u00e7\u00f5es de combate \u00e0 viol\u00eancia contra as mulheres em Gurupi, no sul do Estado, ganharam um importante refor\u00e7o. O governador em exerc\u00edcio Laurez Moreira entregou, na manh\u00e3 desta segunda-feira, 11, para a 9\u00aa Delegacia Especializada em Atendimento \u00e0 Mulher e Vulner\u00e1veis (9\u00aa Deamv), uma [&hellip;]<\/p>\n","protected":false},"author":2,"featured_media":18696,"comment_status":"open","ping_status":"open","sticky":false,"template":"","format":"standard","meta":[],"categories":[3],"tags":[13],"_links":{"self":[{"href":"https:\/\/dgospel.com.br\/portal\/index.php\/wp-json\/wp\/v2\/posts\/18695"}],"collection":[{"href":"https:\/\/dgospel.com.br\/portal\/index.php\/wp-json\/wp\/v2\/posts"}],"about":[{"href":"https:\/\/dgospel.com.br\/portal\/index.php\/wp-json\/wp\/v2\/types\/post"}],"author":[{"embeddable":true,"href":"https:\/\/dgospel.com.br\/portal\/index.php\/wp-json\/wp\/v2\/users\/2"}],"replies":[{"embeddable":true,"href":"https:\/\/dgospel.com.br\/portal\/index.php\/wp-json\/wp\/v2\/comments?post=18695"}],"version-history":[{"count":1,"href":"https:\/\/dgospel.com.br\/portal\/index.php\/wp-json\/wp\/v2\/posts\/18695\/revisions"}],"predecessor-version":[{"id":18697,"href":"https:\/\/dgospel.com.br\/portal\/index.php\/wp-json\/wp\/v2\/posts\/18695\/revisions\/18697"}],"wp:featuredmedia":[{"embeddable":true,"href":"https:\/\/dgospel.com.br\/portal\/index.php\/wp-json\/wp\/v2\/media\/18696"}],"wp:attachment":[{"href":"https:\/\/dgospel.com.br\/portal\/index.php\/wp-json\/wp\/v2\/media?parent=18695"}],"wp:term":[{"taxonomy":"category","embeddable":true,"href":"https:\/\/dgospel.com.br\/portal\/index.php\/wp-json\/wp\/v2\/categories?post=18695"},{"taxonomy":"post_tag","embeddable":true,"href":"https:\/\/dgospel.com.br\/portal\/index.php\/wp-json\/wp\/v2\/tags?post=18695"}],"curies":[{"name":"wp","href":"https:\/\/api.w.org\/{rel}","templated":true}]}}