{"id":18698,"date":"2024-03-12T11:57:58","date_gmt":"2024-03-12T14:57:58","guid":{"rendered":"https:\/\/dgospel.com.br\/portal\/?p=18698"},"modified":"2024-03-12T11:58:00","modified_gmt":"2024-03-12T14:58:00","slug":"cidadania-e-justica-realiza-formatura-de-21-pessoas-privadas-de-liberdade-no-curso-de-construcao-civil","status":"publish","type":"post","link":"https:\/\/dgospel.com.br\/portal\/index.php\/2024\/03\/12\/cidadania-e-justica-realiza-formatura-de-21-pessoas-privadas-de-liberdade-no-curso-de-construcao-civil\/","title":{"rendered":"Cidadania e Justi\u00e7a realiza formatura de 21 pessoas privadas de liberdade no curso de Constru\u00e7\u00e3o Civil"},"content":{"rendered":"\n<p>Para promover a forma\u00e7\u00e3o profissional e educacional das pessoas privadas de liberdade, com melhores alternativas de reinser\u00e7\u00e3o social e remunera\u00e7\u00e3o ap\u00f3s o cumprimento da pena, a Secretaria da Cidadania e Justi\u00e7a (Seciju), realizou na sexta-feira, 8, a formatura de 21 custodiados no curso de Constru\u00e7\u00e3o Civil pela modalidade Monitoria PPL (Pessoa Privada de Liberdade), na Unidade de Tratamento Penal Regional Barra da Grota (UTPRBG), em Aragua\u00edna.<\/p>\n\n\n\n<p>O curso coordenado pela Ger\u00eancia de Reintegra\u00e7\u00e3o Social, Trabalho e Renda ao Preso e Egresso, teve dura\u00e7\u00e3o de 30 dias \u00fateis e contou com carga hor\u00e1ria de 240 horas, sendo distribu\u00eddas em 40 horas de aulas te\u00f3ricas e 200 horas de aulas pr\u00e1ticas.<\/p>\n\n\n\n<p>Presente na cerim\u00f4nia, o secret\u00e1rio executivo da Seciju, H\u00e9lio Marques, enfatizou a import\u00e2ncia da profissionaliza\u00e7\u00e3o dos custodiados. \u201cParabenizo a todos os formandos pela dedica\u00e7\u00e3o em concluir este curso, que contribuir\u00e1 significativamente no retorno \u00e0 sociedade e sustento de suas fam\u00edlias. Temos nos esfor\u00e7ado para proporcionar cada vez mais capacita\u00e7\u00f5es nas unidades penais tocantinenses. Este curso, por exemplo, \u00e9 resultado de uma busca incessante por recursos oriundos do Governo Federal, por meio de Transfer\u00eancia Fundo a Fundo, para investidura no ensino profissionalizante\u201d, afirmou o gestor.<\/p>\n\n\n\n<p>Para o chefe da UTPRBG, Paulo Freitas, a formatura de mais uma turma de custodiados refor\u00e7a o compromisso da Pol\u00edcia Penal do Tocantins com o Sistema Prisional e a sociedade. \u201cAqui na Unidade, sempre trabalhamos com foco na educa\u00e7\u00e3o continuada e cursos profissionalizantes, como ferramenta de transforma\u00e7\u00e3o para a vida dos custodiados. Dessa forma, conseguimos incentivar o bom comportamento do preso para que ele seja inserido nesses projetos e tamb\u00e9m benefici\u00e1-lo com remi\u00e7\u00e3o de pena atrav\u00e9s do estudo e trabalho, cumprindo nosso papel dentro da Lei de Execu\u00e7\u00e3o Penal (LEP), mostrando que a Pol\u00edcia Penal tem esse compromisso com o Sistema Prisional e com a sociedade,\u201d afirmou.<\/p>\n\n\n\n<p>Tamb\u00e9m estiveram na cerim\u00f4nia o gerente de Reintegra\u00e7\u00e3o Social, Trabalho e Renda ao Preso e Egresso, Dilson Noleto; a agente Analista em Execu\u00e7\u00e3o Penal, Rita de C\u00e1ssia; o assessor de Gabinete, Villy Guimar\u00e3es, representando o Promotor de Justi\u00e7a da 13\u00aa Promotoria de Aragua\u00edna, Gustavo Schult; a Defensora P\u00fablica do Estado, Jade Sousa; o Sargento Adilson Soares, representando o Tenente-coronel Valdeonne Dias, do 2\u00aa Batalh\u00e3o da Pol\u00edcia Militar de Aragua\u00edna; o Tenente-coronel Sidmarcos Mesquita, comandante do 2\u00ba Batalh\u00e3o dos Bombeiros Militares de Aragua\u00edna.<\/p>\n\n\n\n<p><strong>Objetivo do curso e in\u00edcio da segunda turma<\/strong><\/p>\n\n\n\n<p>Al\u00e9m da cerim\u00f4nia de formatura, tamb\u00e9m houve no mesmo evento, a aula inaugural da segunda turma do mesmo curso, do qual tem tido aproveitamento das aulas pr\u00e1ticas na constru\u00e7\u00e3o de um galp\u00e3o estrutural, que servir\u00e1 como suporte para oficinas de artefatos de concreto, serralheria e f\u00e1brica de estofados, que ocorrer\u00e3o na UTPRBG, assegurando dessa forma, a capacita\u00e7\u00e3o cont\u00ednua de pessoas privadas de liberdade da Unidade.<\/p>\n\n\n\n<p>\u201cDepois desse curso, a tend\u00eancia \u00e9 melhorar minha renda l\u00e1 fora, pois Aragua\u00edna est\u00e1 crescendo e a m\u00e3o de obra para constru\u00e7\u00e3o civil est\u00e1 em falta, ent\u00e3o esse curso s\u00f3 veio agregar conhecimento e me preparar para o mercado de trabalho\u201d, disse um dos custodiados da turma de formandos.<\/p>\n\n\n\n<p>Vale ressaltar que ambas as turmas contar\u00e3o com a Monitoria PPL, que se trata de aulas ministradas por um custodiado que tem o conhecimento t\u00e9cnico referente \u00e0 \u00e1rea ofertada.<\/p>\n\n\n\n<p><img src=\"https:\/\/central.to.gov.br\/image\/368544?w=670&amp;h=383\"><\/p>\n\n\n\n<p>Secret\u00e1rio executivo da Seciju, H\u00e9lio Marques, enfatizou a import\u00e2ncia da profissionaliza\u00e7\u00e3o dos custodiados &#8211; Tainara Saraiva\/Governo do Tocantins\u00a0<\/p>\n\n\n\n<p><img src=\"https:\/\/central.to.gov.br\/image\/368545?w=670&amp;h=383\"><\/p>\n\n\n\n<p>Cerim\u00f4nia contou com a presen\u00e7a de gestores da Pasta e autoridades do Judici\u00e1rio &#8211; Tainara Saraiva\/Governo do Tocantins\u00a0<\/p>\n\n\n\n<p><img src=\"https:\/\/central.to.gov.br\/image\/368546?w=670&amp;h=383\"><\/p>\n\n\n\n<p>Cursos foram ofertados pela Ger\u00eancia de Reintegra\u00e7\u00e3o, Trabalho e Renda da Seciju &#8211; Tainara Saraiva\/Governo do Tocantins\u00a0<\/p>\n\n\n\n<p><img src=\"https:\/\/central.to.gov.br\/image\/368547?w=670&amp;h=383\"><\/p>\n\n\n\n<p>Capacita\u00e7\u00e3o conta com 200 horas de aulas pr\u00e1ticas &#8211; Tainara Saraiva\/Governo do Tocantins\u00a0<\/p>\n","protected":false},"excerpt":{"rendered":"<p>Para promover a forma\u00e7\u00e3o profissional e educacional das pessoas privadas de liberdade, com melhores alternativas de reinser\u00e7\u00e3o social e remunera\u00e7\u00e3o ap\u00f3s o cumprimento da pena, a Secretaria da Cidadania e Justi\u00e7a (Seciju), realizou na sexta-feira, 8, a formatura de 21 custodiados no curso de Constru\u00e7\u00e3o Civil pela modalidade Monitoria PPL (Pessoa Privada de Liberdade), na [&hellip;]<\/p>\n","protected":false},"author":2,"featured_media":18699,"comment_status":"open","ping_status":"open","sticky":false,"template":"","format":"standard","meta":[],"categories":[3],"tags":[13],"_links":{"self":[{"href":"https:\/\/dgospel.com.br\/portal\/index.php\/wp-json\/wp\/v2\/posts\/18698"}],"collection":[{"href":"https:\/\/dgospel.com.br\/portal\/index.php\/wp-json\/wp\/v2\/posts"}],"about":[{"href":"https:\/\/dgospel.com.br\/portal\/index.php\/wp-json\/wp\/v2\/types\/post"}],"author":[{"embeddable":true,"href":"https:\/\/dgospel.com.br\/portal\/index.php\/wp-json\/wp\/v2\/users\/2"}],"replies":[{"embeddable":true,"href":"https:\/\/dgospel.com.br\/portal\/index.php\/wp-json\/wp\/v2\/comments?post=18698"}],"version-history":[{"count":1,"href":"https:\/\/dgospel.com.br\/portal\/index.php\/wp-json\/wp\/v2\/posts\/18698\/revisions"}],"predecessor-version":[{"id":18700,"href":"https:\/\/dgospel.com.br\/portal\/index.php\/wp-json\/wp\/v2\/posts\/18698\/revisions\/18700"}],"wp:featuredmedia":[{"embeddable":true,"href":"https:\/\/dgospel.com.br\/portal\/index.php\/wp-json\/wp\/v2\/media\/18699"}],"wp:attachment":[{"href":"https:\/\/dgospel.com.br\/portal\/index.php\/wp-json\/wp\/v2\/media?parent=18698"}],"wp:term":[{"taxonomy":"category","embeddable":true,"href":"https:\/\/dgospel.com.br\/portal\/index.php\/wp-json\/wp\/v2\/categories?post=18698"},{"taxonomy":"post_tag","embeddable":true,"href":"https:\/\/dgospel.com.br\/portal\/index.php\/wp-json\/wp\/v2\/tags?post=18698"}],"curies":[{"name":"wp","href":"https:\/\/api.w.org\/{rel}","templated":true}]}}