{"id":1870,"date":"2018-11-17T10:02:24","date_gmt":"2018-11-17T12:02:24","guid":{"rendered":"http:\/\/dgospel.com.br\/portal\/?p=1870"},"modified":"2018-11-17T10:02:24","modified_gmt":"2018-11-17T12:02:24","slug":"apos-sair-do-velorio-da-irma-pastor-mulher-e-sobrinha-morrem-em-acidente-em-go","status":"publish","type":"post","link":"https:\/\/dgospel.com.br\/portal\/index.php\/2018\/11\/17\/apos-sair-do-velorio-da-irma-pastor-mulher-e-sobrinha-morrem-em-acidente-em-go\/","title":{"rendered":"Ap\u00f3s sair do vel\u00f3rio da irm\u00e3, pastor, mulher e sobrinha morrem em acidente em GO"},"content":{"rendered":"<p>O pastor evang\u00e9lico Jo\u00e3o Batista Gomes, de 60 anos, a mulher dele, Sueli Pereira de Matos Gomes, de 49, e a sobrinha Irene L\u00facia Gomes, de 49, morreram em um acidente entre o carro em que eles viajavam e um caminh\u00e3o, na GO-222, em An\u00e1polis, a 55 km de Goi\u00e2nia. A filha do casal e o caminhoneiro tamb\u00e9m ficaram feridos.<\/p>\n<p>Jo\u00e3o tamb\u00e9m trabalhava como chefe de gabinete do vereador de An\u00e1polis Mauro Severiano. Ao\u00a0<strong>G1<\/strong>, o pol\u00edtico contou que a fam\u00edlia estava voltando de Itabera\u00ed, onde ocorreu o vel\u00f3rio da irm\u00e3 de Jo\u00e3o Batista e m\u00e3e de Irene.<\/p>\n<p><strong>\u201cEnterramos a irm\u00e3 dele em Itabera\u00ed e voltamos para An\u00e1polis. Eu vim na frente e ele saiu cerca de uma hora depois. \u00c9 uma trag\u00e9dia\u201d, lamentou Severiano.<\/strong><\/p>\n<p>O acidente aconteceu por volta das 15h30, no Setor Santa Cec\u00edlia, no per\u00edmetro urbano de An\u00e1polis. Segundo o Corpo de Bombeiros, testemunhas relataram que o carro do pastor, um Ford Eco Sport, bateu de frente contra o caminh\u00e3o quando tentava fazer uma ultrapassagem. No entanto, as circunst\u00e2ncias do acidente s\u00f3 poder\u00e3o ser confirmadas pela per\u00edcia.<\/p>\n<p>Jo\u00e3o Batista, Sueli e Irene morreram no local do acidente. J\u00e1 a filha do casal foi socorrida pelo Servi\u00e7o de Atendimento M\u00f3vel de Urg\u00eancia (Samu) e encaminhada ao Hospital de Urg\u00eancias de An\u00e1polis (Huana). O caminhoneiro foi levado para a mesma unidade de sa\u00fade.<\/p>\n<p>Fonte:\u00a0<strong>G1<\/strong><\/p>\n<p>&nbsp;<\/p>\n","protected":false},"excerpt":{"rendered":"<p>O pastor evang\u00e9lico Jo\u00e3o Batista Gomes, de 60 anos, a mulher dele, Sueli Pereira de Matos Gomes, de 49, e a sobrinha Irene L\u00facia Gomes, de 49, morreram em um acidente entre o carro em que eles viajavam e um caminh\u00e3o, na GO-222, em An\u00e1polis, a 55 km de Goi\u00e2nia. A filha do casal e [&hellip;]<\/p>\n","protected":false},"author":2,"featured_media":1871,"comment_status":"open","ping_status":"open","sticky":false,"template":"","format":"standard","meta":[],"categories":[2,5],"tags":[],"_links":{"self":[{"href":"https:\/\/dgospel.com.br\/portal\/index.php\/wp-json\/wp\/v2\/posts\/1870"}],"collection":[{"href":"https:\/\/dgospel.com.br\/portal\/index.php\/wp-json\/wp\/v2\/posts"}],"about":[{"href":"https:\/\/dgospel.com.br\/portal\/index.php\/wp-json\/wp\/v2\/types\/post"}],"author":[{"embeddable":true,"href":"https:\/\/dgospel.com.br\/portal\/index.php\/wp-json\/wp\/v2\/users\/2"}],"replies":[{"embeddable":true,"href":"https:\/\/dgospel.com.br\/portal\/index.php\/wp-json\/wp\/v2\/comments?post=1870"}],"version-history":[{"count":1,"href":"https:\/\/dgospel.com.br\/portal\/index.php\/wp-json\/wp\/v2\/posts\/1870\/revisions"}],"predecessor-version":[{"id":1872,"href":"https:\/\/dgospel.com.br\/portal\/index.php\/wp-json\/wp\/v2\/posts\/1870\/revisions\/1872"}],"wp:featuredmedia":[{"embeddable":true,"href":"https:\/\/dgospel.com.br\/portal\/index.php\/wp-json\/wp\/v2\/media\/1871"}],"wp:attachment":[{"href":"https:\/\/dgospel.com.br\/portal\/index.php\/wp-json\/wp\/v2\/media?parent=1870"}],"wp:term":[{"taxonomy":"category","embeddable":true,"href":"https:\/\/dgospel.com.br\/portal\/index.php\/wp-json\/wp\/v2\/categories?post=1870"},{"taxonomy":"post_tag","embeddable":true,"href":"https:\/\/dgospel.com.br\/portal\/index.php\/wp-json\/wp\/v2\/tags?post=1870"}],"curies":[{"name":"wp","href":"https:\/\/api.w.org\/{rel}","templated":true}]}}