{"id":18701,"date":"2024-03-12T13:04:08","date_gmt":"2024-03-12T16:04:08","guid":{"rendered":"https:\/\/dgospel.com.br\/portal\/?p=18701"},"modified":"2024-03-12T13:04:10","modified_gmt":"2024-03-12T16:04:10","slug":"macron-quer-franca-liderando-luta-para-tornar-aborto-direito-universal","status":"publish","type":"post","link":"https:\/\/dgospel.com.br\/portal\/index.php\/2024\/03\/12\/macron-quer-franca-liderando-luta-para-tornar-aborto-direito-universal\/","title":{"rendered":"Macron quer Fran\u00e7a liderando luta para tornar aborto direito universal"},"content":{"rendered":"\n<p>Pioneira na inscri\u00e7\u00e3o do direito ao aborto na Constitui\u00e7\u00e3o, a Fran\u00e7a quer liderar a extens\u00e3o dessa pr\u00e1tica a n\u00edvel universal. Foi o que disse, nesta sexta-feira (8), o presidente do pa\u00eds, Emmanuel Macron.<\/p>\n\n\n\n<p>Ele assegurou que come\u00e7ar\u00e1 lutando para que ele seja inscrito na Carta de Direitos Fundamentais da Uni\u00e3o Europeia.<\/p>\n\n\n\n<p>\u00a0-S\u00f3 descansaremos quando [o aborto] for reconhecido em todo o mundo \u2013 anunciou o presidente.<\/p>\n\n\n\n<p>A fala ocorreu na cerim\u00f4nia solene que simboliza a inscri\u00e7\u00e3o da garantia do direito ao aborto na Carta Magna, adotada por deputados e senadores na \u00faltima segunda-feira (4).<\/p>\n\n\n\n<p>Em um evento aberto ao p\u00fablico, coincidindo com o Dia Internacional da Mulher, Macron analisou a luta na Fran\u00e7a pelo direito ao aborto, mas quis ir al\u00e9m.<\/p>\n\n\n\n<p>\u2013 Este n\u00e3o \u00e9 o fim de uma hist\u00f3ria, \u00e9 o in\u00edcio de uma luta.<\/p>\n\n\n\n<p>Macron ressaltou que as for\u00e7as reacion\u00e1rias est\u00e3o atacando os direitos das mulheres em todo o mundo, o que, em sua opini\u00e3o, justifica proteg\u00ea-los na Fran\u00e7a para que se tornem irrevers\u00edveis.<\/p>\n\n\n\n<p>\u2013 Inscrever a liberdade garantida na Constitui\u00e7\u00e3o poderia ter sido menos necess\u00e1rio h\u00e1 alguns anos, mas agora os retrocessos que estamos experimentando em nosso tempo a tornaram uma necessidade \u2013 afirmou Macron.<\/p>\n\n\n\n<p>Sem citar nenhum caso espec\u00edfico, ele assegurou que esse direito est\u00e1 em perigo nas maiores democracias e em alguns vizinhos europeus.<\/p>\n\n\n\n<p>Macron respondeu assim \u00e0 l\u00edder de direita Marine Le Pen, que, embora tenha votado a favor da inclus\u00e3o do aborto na Constitui\u00e7\u00e3o, garantiu que n\u00e3o era necess\u00e1rio, porque na Fran\u00e7a esse direito n\u00e3o est\u00e1 amea\u00e7ado.<\/p>\n\n\n\n<p>O presidente franc\u00eas lan\u00e7ou essa iniciativa depois que a Suprema Corte dos Estados Unidos retirou sua prote\u00e7\u00e3o federal para o aborto, e na Fran\u00e7a os casos de Pol\u00f4nia, Hungria e, mais recentemente, a Argentina presidida por Javier Milei s\u00e3o frequentemente citados como exemplos de pa\u00edses onde esse direito est\u00e1 em perigo.<\/p>\n\n\n\n<p>Macron prometeu liderar um movimento universal come\u00e7ando na Europa, onde, segundo ele, as for\u00e7as reacion\u00e1rias atacam os direitos das mulheres antes de atacar os das minorias.<\/p>\n\n\n\n<p>\u00c0s v\u00e9speras das elei\u00e7\u00f5es europeias de junho, Macron, cujo partido n\u00e3o est\u00e1 liderando as pesquisas, disse que os direitos na Europa n\u00e3o s\u00e3o adquiridos e tudo tem que ser defendido. Mas tamb\u00e9m ressaltou que seu pa\u00eds quer levar essa luta a todas as mulheres cujos direitos est\u00e3o amea\u00e7ados, porque, \u201co progresso dos direitos das mulheres \u00e9 o progresso dos direitos humanos\u201d.<\/p>\n\n\n\n<p>\u2013 No dia em que o aborto se tornar um direito universal, lembraremos que tudo come\u00e7ou em 8 de mar\u00e7o de 2024, quando a Fran\u00e7a era grande e queria que fosse assim em nome de todas as mulheres \u2013 alegou o presidente franc\u00eas.<\/p>\n\n\n\n<p>*EFE<\/p>\n","protected":false},"excerpt":{"rendered":"<p>Pioneira na inscri\u00e7\u00e3o do direito ao aborto na Constitui\u00e7\u00e3o, a Fran\u00e7a quer liderar a extens\u00e3o dessa pr\u00e1tica a n\u00edvel universal. Foi o que disse, nesta sexta-feira (8), o presidente do pa\u00eds, Emmanuel Macron. Ele assegurou que come\u00e7ar\u00e1 lutando para que ele seja inscrito na Carta de Direitos Fundamentais da Uni\u00e3o Europeia. \u00a0-S\u00f3 descansaremos quando [o [&hellip;]<\/p>\n","protected":false},"author":2,"featured_media":18702,"comment_status":"open","ping_status":"open","sticky":false,"template":"","format":"standard","meta":[],"categories":[11,12,16],"tags":[],"_links":{"self":[{"href":"https:\/\/dgospel.com.br\/portal\/index.php\/wp-json\/wp\/v2\/posts\/18701"}],"collection":[{"href":"https:\/\/dgospel.com.br\/portal\/index.php\/wp-json\/wp\/v2\/posts"}],"about":[{"href":"https:\/\/dgospel.com.br\/portal\/index.php\/wp-json\/wp\/v2\/types\/post"}],"author":[{"embeddable":true,"href":"https:\/\/dgospel.com.br\/portal\/index.php\/wp-json\/wp\/v2\/users\/2"}],"replies":[{"embeddable":true,"href":"https:\/\/dgospel.com.br\/portal\/index.php\/wp-json\/wp\/v2\/comments?post=18701"}],"version-history":[{"count":1,"href":"https:\/\/dgospel.com.br\/portal\/index.php\/wp-json\/wp\/v2\/posts\/18701\/revisions"}],"predecessor-version":[{"id":18703,"href":"https:\/\/dgospel.com.br\/portal\/index.php\/wp-json\/wp\/v2\/posts\/18701\/revisions\/18703"}],"wp:featuredmedia":[{"embeddable":true,"href":"https:\/\/dgospel.com.br\/portal\/index.php\/wp-json\/wp\/v2\/media\/18702"}],"wp:attachment":[{"href":"https:\/\/dgospel.com.br\/portal\/index.php\/wp-json\/wp\/v2\/media?parent=18701"}],"wp:term":[{"taxonomy":"category","embeddable":true,"href":"https:\/\/dgospel.com.br\/portal\/index.php\/wp-json\/wp\/v2\/categories?post=18701"},{"taxonomy":"post_tag","embeddable":true,"href":"https:\/\/dgospel.com.br\/portal\/index.php\/wp-json\/wp\/v2\/tags?post=18701"}],"curies":[{"name":"wp","href":"https:\/\/api.w.org\/{rel}","templated":true}]}}