{"id":18704,"date":"2024-03-12T22:35:39","date_gmt":"2024-03-13T01:35:39","guid":{"rendered":"https:\/\/dgospel.com.br\/portal\/?p=18704"},"modified":"2024-03-12T22:54:01","modified_gmt":"2024-03-13T01:54:01","slug":"malafaia-confronta-fala-de-gilmar-mendes-sobre-evangelicos-leviana-e-preconceituosa","status":"publish","type":"post","link":"https:\/\/dgospel.com.br\/portal\/index.php\/2024\/03\/12\/malafaia-confronta-fala-de-gilmar-mendes-sobre-evangelicos-leviana-e-preconceituosa\/","title":{"rendered":"Malafaia confronta fala de Gilmar Mendes sobre evang\u00e9licos: \u201cLeviana e preconceituosa\u201d"},"content":{"rendered":"\n<p>O pastor Silas Malafaia publicou em suas redes sociais, nesta ter\u00e7a-feira (12), uma v\u00eddeo confrontando as declara\u00e7\u00f5es que o ministro do Supremo Tribunal Federal (STF) Gilmar Mendes deu em entrevista \u00e0 GloboNews, nesta segunda (11). Na ocasi\u00e3o, o magistrado disse ter tomado ci\u00eancia, durante uma reuni\u00e3o no Supremo, de um&nbsp;<a href=\"https:\/\/pleno.news\/brasil\/politica-nacional\/gilmar-mendes-diz-haver-no-rio-uma-narcomilicia-evangelica.html\" target=\"_blank\" rel=\"noreferrer noopener\">acordo envolvendo traficantes e evang\u00e9licos no Rio de Janeiro<\/a>.<\/p>\n\n\n\n<p>Sem apresentar nomes, nem qualquer comprova\u00e7\u00e3o sobre a m\u00e1cula lan\u00e7ada sobre a religi\u00e3o evang\u00e9lica, professada por milh\u00f5es de brasileiros, o ministro se tornou objeto de cr\u00edtica do pastor Silas Malafaia.<\/p>\n\n\n\n<p>\u2013 D\u00e1 nome, ministro. \u00c9 uma vergonha! O senhor \u00e9 o decano do STF. D\u00e1 nomes! \u00c9 uma acusa\u00e7\u00e3o leviana e preconceituosa. (\u2026) O senhor fala e n\u00e3o d\u00e1 nomes? Esse canalha que disse isso. D\u00e1 nome, nos ajude. Quem s\u00e3o os pastores? Quem s\u00e3o os evang\u00e9licos? Mete na cadeia que isso n\u00e3o nos representa.<\/p>\n\n\n\n<p>Malafaia lembrou que evang\u00e9licos representam mais de 30% da popula\u00e7\u00e3o do Rio de Janeiro.<\/p>\n\n\n\n<p>\u2013 O maior grupo religioso da cidade do Rio de Janeiro \u2013 frisou.<\/p>\n\n\n\n<p>\u2013 Eles [ministros do STF] falam o que querem, atacam quem querem, acusam o que querem sem prova nenhuma. E quando voc\u00ea confronta eles: \u201cOlha, isso \u00e9 golpe, hein? Isso \u00e9 discurso de \u00f3dio. Est\u00e1 atacando o STF e seus membros\u201d.<\/p>\n\n\n\n<p><strong>Assista:<\/strong><\/p>\n\n\n\n<figure class=\"wp-block-embed is-type-video is-provider-youtube wp-block-embed-youtube wp-embed-aspect-16-9 wp-has-aspect-ratio\"><div class=\"wp-block-embed__wrapper\">\n<iframe loading=\"lazy\" title=\"RESPOSTA AO MINISTRO GILMAR MENDES SOBRE NARCOMILI\u0301CIA EVANGE\u0301LICA\" width=\"630\" height=\"354\" src=\"https:\/\/www.youtube.com\/embed\/GpiB-xrz6TQ?feature=oembed\" frameborder=\"0\" allow=\"accelerometer; autoplay; clipboard-write; encrypted-media; gyroscope; picture-in-picture; web-share\" allowfullscreen><\/iframe>\n<\/div><\/figure>\n","protected":false},"excerpt":{"rendered":"<p>O pastor Silas Malafaia publicou em suas redes sociais, nesta ter\u00e7a-feira (12), uma v\u00eddeo confrontando as declara\u00e7\u00f5es que o ministro do Supremo Tribunal Federal (STF) Gilmar Mendes deu em entrevista \u00e0 GloboNews, nesta segunda (11). Na ocasi\u00e3o, o magistrado disse ter tomado ci\u00eancia, durante uma reuni\u00e3o no Supremo, de um&nbsp;acordo envolvendo traficantes e evang\u00e9licos no [&hellip;]<\/p>\n","protected":false},"author":2,"featured_media":18705,"comment_status":"open","ping_status":"open","sticky":false,"template":"","format":"standard","meta":[],"categories":[11,12,10],"tags":[],"_links":{"self":[{"href":"https:\/\/dgospel.com.br\/portal\/index.php\/wp-json\/wp\/v2\/posts\/18704"}],"collection":[{"href":"https:\/\/dgospel.com.br\/portal\/index.php\/wp-json\/wp\/v2\/posts"}],"about":[{"href":"https:\/\/dgospel.com.br\/portal\/index.php\/wp-json\/wp\/v2\/types\/post"}],"author":[{"embeddable":true,"href":"https:\/\/dgospel.com.br\/portal\/index.php\/wp-json\/wp\/v2\/users\/2"}],"replies":[{"embeddable":true,"href":"https:\/\/dgospel.com.br\/portal\/index.php\/wp-json\/wp\/v2\/comments?post=18704"}],"version-history":[{"count":1,"href":"https:\/\/dgospel.com.br\/portal\/index.php\/wp-json\/wp\/v2\/posts\/18704\/revisions"}],"predecessor-version":[{"id":18706,"href":"https:\/\/dgospel.com.br\/portal\/index.php\/wp-json\/wp\/v2\/posts\/18704\/revisions\/18706"}],"wp:featuredmedia":[{"embeddable":true,"href":"https:\/\/dgospel.com.br\/portal\/index.php\/wp-json\/wp\/v2\/media\/18705"}],"wp:attachment":[{"href":"https:\/\/dgospel.com.br\/portal\/index.php\/wp-json\/wp\/v2\/media?parent=18704"}],"wp:term":[{"taxonomy":"category","embeddable":true,"href":"https:\/\/dgospel.com.br\/portal\/index.php\/wp-json\/wp\/v2\/categories?post=18704"},{"taxonomy":"post_tag","embeddable":true,"href":"https:\/\/dgospel.com.br\/portal\/index.php\/wp-json\/wp\/v2\/tags?post=18704"}],"curies":[{"name":"wp","href":"https:\/\/api.w.org\/{rel}","templated":true}]}}