{"id":18713,"date":"2024-03-13T18:11:01","date_gmt":"2024-03-13T21:11:01","guid":{"rendered":"https:\/\/dgospel.com.br\/portal\/?p=18713"},"modified":"2024-03-13T18:11:02","modified_gmt":"2024-03-13T21:11:02","slug":"stf-gilmar-e-barroso-exercem-militancia-pro-lula-e-anticristaos","status":"publish","type":"post","link":"https:\/\/dgospel.com.br\/portal\/index.php\/2024\/03\/13\/stf-gilmar-e-barroso-exercem-militancia-pro-lula-e-anticristaos\/","title":{"rendered":"STF: Gilmar e Barroso exercem milit\u00e2ncia pr\u00f3-Lula e anticrist\u00e3os"},"content":{"rendered":"\n<p>Os ministros do Supremo Tribunal Federal (STF), Gilmar Mendes e Lu\u00eds Roberto Barroso (presidente da Corte), ousam romper reiteradamente com a liturgia do cargo se aventurando a exercer milit\u00e2ncia pol\u00edtica e ideol\u00f3gica, aderindo publicamente \u00e0s causas que interessam ao presidente Lula e todo o seu espectro progressista.<\/p>\n\n\n\n<p>Em not\u00f3ria simbiose com a agenda esquerdista, os referidos magistrados n\u00e3o apenas fazem campanha pr\u00f3-Lula, como nutrem evidente ojeriza ao ex-presidente Jair Bolsonaro (PL) e aos valores que ele defende. Agora, no que parece uma a\u00e7\u00e3o deliberada, disparam contra a religi\u00e3o evang\u00e9lica \u2013 que goza de crescimento cont\u00ednuo e vertiginoso no Brasil \u2013 e atacam valores caros aos crist\u00e3os, ao defenderem o aborto, por exemplo.<\/p>\n\n\n\n<p>Veja essa sele\u00e7\u00e3o recente de not\u00edcias que evidenciam a ader\u00eancia militante dos ju\u00edzes da Suprema Corte.<\/p>\n\n\n\n<p><strong>GILMAR MENDES DIZ HAVER ACORDO ENTRE TRAFICANTES E EVANG\u00c9LICOS NO RIO<br><\/strong>O ministro Gilmar Mendes, em entrevista \u00e0 GloboNews na \u00faltima segunda-feira (11), disse que durante uma reuni\u00e3o na Suprema Corte, presidida pelo ministro Lu\u00eds Roberto Barroso, falou-se sobre a exist\u00eancia de uma&nbsp;<a href=\"https:\/\/pleno.news\/brasil\/politica-nacional\/gilmar-mendes-diz-haver-no-rio-uma-narcomilicia-evangelica.html\" target=\"_blank\" rel=\"noreferrer noopener\">\u201cnarcomil\u00edcia evang\u00e9lica\u201d que atua no Rio de Janeiro<\/a>. Sem dar nomes, nem apresentar qualquer prova, o decano maculou a f\u00e9 de milh\u00f5es de brasileiros.<\/p>\n\n\n\n<p><strong>BARROSO DEFENDE COMBATER \u201cUSO ABUSIVO\u201d DA RELIGI\u00c3O NA POL\u00cdTICA<br><\/strong><a href=\"https:\/\/pleno.news\/brasil\/politica-nacional\/barroso-fala-em-combater-uso-abusivo-da-religiao-na-politica.html\" target=\"_blank\" rel=\"noreferrer noopener\">Lu\u00eds Roberto Barroso criticou a \u201cmanipula\u00e7\u00e3o pol\u00edtica\u201d da religi\u00e3o<\/a>&nbsp;para canalizar votos em detrimento de opositores. De acordo com o presidente do STF, a f\u00e9 deve ficar restrita \u00e0 vida privada das pessoas em vez de se estender para um \u201cuso abusivo\u201d por parte de l\u00edderes pol\u00edticos. A declara\u00e7\u00e3o foi feita durante aula magna na Pontif\u00edcia Universidade Cat\u00f3lica do Rio de Janeiro (PUC-Rio), na \u00faltima sexta-feira (8).<\/p>\n\n\n\n<p><strong>BARROSO DEFENDE ABORTO: \u201cA SOCIEDADE N\u00c3O ENTENDE\u201d<\/strong><br>Na \u00faltima sexta-feira (8),&nbsp;<a href=\"https:\/\/pleno.news\/brasil\/politica-nacional\/barroso-defende-descriminalizacao-do-aborto-prender-mulher-nao-serve-para-nada.html\" target=\"_blank\" rel=\"noreferrer noopener\">Barroso defendeu uma grande movimenta\u00e7\u00e3o nacional em prol da descriminaliza\u00e7\u00e3o do aborto<\/a>, para que o tema seja votado na Corte \u201cassim que poss\u00edvel\u201d. Ele deu declara\u00e7\u00f5es tamb\u00e9m durante aula magna na PUC-Rio.<\/p>\n\n\n\n<p>Para o magistrado, criminalizar a pr\u00e1tica n\u00e3o serve para nada. Segundo ele, \u201cn\u00e3o se trata de defender o aborto, mas de enfrentar esse problema\u201d.<\/p>\n\n\n\n<p><strong>\u201cN\u00d3S DERROTAMOS O BOLSONARISMO\u201d, DISSE BARROSO<br><\/strong>Em 12 de julho do ano passado, enquanto discursava no Congresso da Uni\u00e3o Nacional dos Estudantes (UNE), o ministro&nbsp;<a href=\"https:\/\/pleno.news\/brasil\/politica-nacional\/barroso-durante-evento-da-une-nos-derrotamos-o-bolsonarismo.html\" target=\"_blank\" rel=\"noreferrer noopener\">Lu\u00eds Roberto Barroso usou a frase \u201cn\u00f3s derrotamos o bolsonarismo\u201d<\/a>&nbsp;e disse que tal fato permitiu \u201ca democracia e a manifesta\u00e7\u00e3o livre de todas as pessoas\u201d.<\/p>\n\n\n\n<p>\u2013 N\u00f3s derrotamos a censura, n\u00f3s derrotamos a tortura, n\u00f3s derrotamos o bolsonarismo para permitir a democracia e a manifesta\u00e7\u00e3o livre de todas as pessoas \u2013 declarou.<\/p>\n\n\n\n<p><strong>GILMAR MENDES FALA EM \u00caXITO DO STF CONTRA A \u201cEXTREMA-DIREITA\u201d<br><\/strong>O magistrado, em entrevista \u00e0 GloboNews na \u00faltima segunda-feira (11), n\u00e3o escondeu seu lado pol\u00edtico e ideol\u00f3gico e&nbsp;<a href=\"https:\/\/pleno.news\/brasil\/politica-nacional\/gilmar-mendes-fala-em-exito-do-stf-contra-a-extrema-direita-veja.html\" target=\"_blank\" rel=\"noreferrer noopener\">atacou o que chama de \u201cextrema-direita\u201d<\/a>.<\/p>\n\n\n\n<p>\u2013 Li um relat\u00f3rio internacional que diz que de todos os pa\u00edses que tiveram problemas com a extrema-direita, o Brasil foi aquele que se saiu melhor gra\u00e7as \u00e0 institucionalidade, e a\u00ed tem um papel important\u00edssimo para o Supremo Tribunal Federal (\u2026).<\/p>\n\n\n\n<p><strong>\u201cSE TIVEMOS A ELEI\u00c7\u00c3O DO LULA, FOI GRA\u00c7AS AO STF\u201d, DIZ GILMAR MENDES<\/strong><br>O decano do STF trocou farpas com o presidente do Senado, Rodrigo Pacheco (PSD-MG), em 14 de outubro do ano passado, durante um evento em Paris, Fran\u00e7a. Na ocasi\u00e3o, Pacheco defendeu uma reforma no Poder Judici\u00e1rio para resolver o que chamou de \u201ccrise da legitimidade\u201d das decis\u00f5es judiciais, e Gilmar Mendes declarou:<\/p>\n\n\n\n<p>\u2013&nbsp;<a href=\"https:\/\/pleno.news\/brasil\/politica-nacional\/se-tivemos-a-eleicao-do-lula-foi-gracas-ao-stf-diz-gilmar-mendes.html\" target=\"_blank\" rel=\"noreferrer noopener\">Se hoje n\u00f3s tivemos a elei\u00e7\u00e3o do presidente Lula, foi gra\u00e7as ao STF<\/a>.<\/p>\n\n\n\n<p><strong>GILMAR MENDES DIZ QUE LULA \u201cRESGATOU A DEMOCRACIA NO BRASIL\u201d<\/strong><br>Em entrevista ao programa \u00c9 Not\u00edcia, da RedeTV!, em 30 de novembro do ano passado, Gilmar Mendes se mostrou satisfeito com a elei\u00e7\u00e3o do presidente Luiz In\u00e1cio Lula da Silva (PT). Para ele, a vit\u00f3ria do&nbsp;<a href=\"https:\/\/pleno.news\/brasil\/politica-nacional\/gilmar-mendes-elogia-lula-resgatou-a-democracia-no-brasil.html\" target=\"_blank\" rel=\"noreferrer noopener\">petista foi respons\u00e1vel por \u201cresgatar\u201d a democracia no Brasil<\/a>. Na oportunidade, o ministro tamb\u00e9m criticou o ex-presidente Jair Bolsonaro.<\/p>\n\n\n\n<p>\u2013 Ele [Lula], na verdade, resgatou a democracia no Brasil. Essa sua elei\u00e7\u00e3o foi esse resgate. N\u00e3o consigo imaginar o que seria do Brasil com a reelei\u00e7\u00e3o do Bolsonaro. Ou at\u00e9 consigo imaginar, mas a minha imagina\u00e7\u00e3o n\u00e3o \u00e9 positiva.<\/p>\n\n\n\n<p><strong>LULA JANTA COM ZANIN NA CASA DE GILMAR MENDES<br><\/strong><a href=\"https:\/\/pleno.news\/brasil\/politica-nacional\/presidente-lula-janta-com-zanin-na-casa-de-gilmar-mendes.html\" target=\"_blank\" rel=\"noreferrer noopener\">Lula e Cristiano Zanin jantaram na casa de Gilmar Mendes<\/a>, em Bras\u00edlia. A recep\u00e7\u00e3o aconteceu n\u00e3o por um motivo qualquer, mas h\u00e1 dois dias da posse do ex-advogado pessoal do petista no STF, que assumiu a cadeira na Suprema Corte em 3 de agosto do ano passado.<\/p>\n","protected":false},"excerpt":{"rendered":"<p>Os ministros do Supremo Tribunal Federal (STF), Gilmar Mendes e Lu\u00eds Roberto Barroso (presidente da Corte), ousam romper reiteradamente com a liturgia do cargo se aventurando a exercer milit\u00e2ncia pol\u00edtica e ideol\u00f3gica, aderindo publicamente \u00e0s causas que interessam ao presidente Lula e todo o seu espectro progressista. Em not\u00f3ria simbiose com a agenda esquerdista, os [&hellip;]<\/p>\n","protected":false},"author":2,"featured_media":18714,"comment_status":"open","ping_status":"open","sticky":false,"template":"","format":"standard","meta":[],"categories":[4],"tags":[],"_links":{"self":[{"href":"https:\/\/dgospel.com.br\/portal\/index.php\/wp-json\/wp\/v2\/posts\/18713"}],"collection":[{"href":"https:\/\/dgospel.com.br\/portal\/index.php\/wp-json\/wp\/v2\/posts"}],"about":[{"href":"https:\/\/dgospel.com.br\/portal\/index.php\/wp-json\/wp\/v2\/types\/post"}],"author":[{"embeddable":true,"href":"https:\/\/dgospel.com.br\/portal\/index.php\/wp-json\/wp\/v2\/users\/2"}],"replies":[{"embeddable":true,"href":"https:\/\/dgospel.com.br\/portal\/index.php\/wp-json\/wp\/v2\/comments?post=18713"}],"version-history":[{"count":1,"href":"https:\/\/dgospel.com.br\/portal\/index.php\/wp-json\/wp\/v2\/posts\/18713\/revisions"}],"predecessor-version":[{"id":18715,"href":"https:\/\/dgospel.com.br\/portal\/index.php\/wp-json\/wp\/v2\/posts\/18713\/revisions\/18715"}],"wp:featuredmedia":[{"embeddable":true,"href":"https:\/\/dgospel.com.br\/portal\/index.php\/wp-json\/wp\/v2\/media\/18714"}],"wp:attachment":[{"href":"https:\/\/dgospel.com.br\/portal\/index.php\/wp-json\/wp\/v2\/media?parent=18713"}],"wp:term":[{"taxonomy":"category","embeddable":true,"href":"https:\/\/dgospel.com.br\/portal\/index.php\/wp-json\/wp\/v2\/categories?post=18713"},{"taxonomy":"post_tag","embeddable":true,"href":"https:\/\/dgospel.com.br\/portal\/index.php\/wp-json\/wp\/v2\/tags?post=18713"}],"curies":[{"name":"wp","href":"https:\/\/api.w.org\/{rel}","templated":true}]}}