{"id":18731,"date":"2024-03-15T12:23:34","date_gmt":"2024-03-15T15:23:34","guid":{"rendered":"https:\/\/dgospel.com.br\/portal\/?p=18731"},"modified":"2024-03-15T12:23:35","modified_gmt":"2024-03-15T15:23:35","slug":"alckmin-diz-que-teve-conversa-inspiradora-com-evangelicos","status":"publish","type":"post","link":"https:\/\/dgospel.com.br\/portal\/index.php\/2024\/03\/15\/alckmin-diz-que-teve-conversa-inspiradora-com-evangelicos\/","title":{"rendered":"Alckmin diz que teve \u201cconversa inspiradora\u201d com evang\u00e9licos"},"content":{"rendered":"\n<p>Nesta quinta-feira (14), o vice-presidente da Rep\u00fablica, Geraldo Alckmin (PSB), usou as redes sociais para revelar que teve uma \u201cconversa inspiradora\u201d com comunicadores evang\u00e9licos. O pol\u00edtico recebeu em seu gabinete representantes de r\u00e1dios evang\u00e9licas de S\u00e3o Paulo.<\/p>\n\n\n\n<p>De acordo com Alckmin, as comunidades evang\u00e9licas \u201cconfortam e informam sobre amor e acolhimento\u201d.<\/p>\n\n\n\n<p>\u2013 Conversa inspiradora com o pastor Jos\u00e9 Os\u00f3rio Filho e lideran\u00e7as evang\u00e9licas da \u00e1rea de comunica\u00e7\u00e3o. As comunidades evang\u00e9licas confortam e informam sobre amor e acolhimento. Como nos ensina a Sagrada Escritura: \u201cA verdade deve ser expressa em amor\u201d (Ef\u00e9sios 4:15) \u2013 escreveu.<\/p>\n\n\n\n<p><\/p>\n\n\n\n<figure class=\"wp-block-image size-full\"><img loading=\"lazy\" width=\"609\" height=\"554\" src=\"https:\/\/dgospel.com.br\/portal\/wp-content\/uploads\/2024\/03\/00-4.jpg\" alt=\"\" class=\"wp-image-18732\" srcset=\"https:\/\/dgospel.com.br\/portal\/wp-content\/uploads\/2024\/03\/00-4.jpg 609w, https:\/\/dgospel.com.br\/portal\/wp-content\/uploads\/2024\/03\/00-4-300x273.jpg 300w\" sizes=\"(max-width: 609px) 100vw, 609px\" \/><\/figure>\n","protected":false},"excerpt":{"rendered":"<p>Nesta quinta-feira (14), o vice-presidente da Rep\u00fablica, Geraldo Alckmin (PSB), usou as redes sociais para revelar que teve uma \u201cconversa inspiradora\u201d com comunicadores evang\u00e9licos. O pol\u00edtico recebeu em seu gabinete representantes de r\u00e1dios evang\u00e9licas de S\u00e3o Paulo. De acordo com Alckmin, as comunidades evang\u00e9licas \u201cconfortam e informam sobre amor e acolhimento\u201d. \u2013 Conversa inspiradora com [&hellip;]<\/p>\n","protected":false},"author":2,"featured_media":18733,"comment_status":"open","ping_status":"open","sticky":false,"template":"","format":"standard","meta":[],"categories":[4],"tags":[],"_links":{"self":[{"href":"https:\/\/dgospel.com.br\/portal\/index.php\/wp-json\/wp\/v2\/posts\/18731"}],"collection":[{"href":"https:\/\/dgospel.com.br\/portal\/index.php\/wp-json\/wp\/v2\/posts"}],"about":[{"href":"https:\/\/dgospel.com.br\/portal\/index.php\/wp-json\/wp\/v2\/types\/post"}],"author":[{"embeddable":true,"href":"https:\/\/dgospel.com.br\/portal\/index.php\/wp-json\/wp\/v2\/users\/2"}],"replies":[{"embeddable":true,"href":"https:\/\/dgospel.com.br\/portal\/index.php\/wp-json\/wp\/v2\/comments?post=18731"}],"version-history":[{"count":1,"href":"https:\/\/dgospel.com.br\/portal\/index.php\/wp-json\/wp\/v2\/posts\/18731\/revisions"}],"predecessor-version":[{"id":18734,"href":"https:\/\/dgospel.com.br\/portal\/index.php\/wp-json\/wp\/v2\/posts\/18731\/revisions\/18734"}],"wp:featuredmedia":[{"embeddable":true,"href":"https:\/\/dgospel.com.br\/portal\/index.php\/wp-json\/wp\/v2\/media\/18733"}],"wp:attachment":[{"href":"https:\/\/dgospel.com.br\/portal\/index.php\/wp-json\/wp\/v2\/media?parent=18731"}],"wp:term":[{"taxonomy":"category","embeddable":true,"href":"https:\/\/dgospel.com.br\/portal\/index.php\/wp-json\/wp\/v2\/categories?post=18731"},{"taxonomy":"post_tag","embeddable":true,"href":"https:\/\/dgospel.com.br\/portal\/index.php\/wp-json\/wp\/v2\/tags?post=18731"}],"curies":[{"name":"wp","href":"https:\/\/api.w.org\/{rel}","templated":true}]}}