{"id":18735,"date":"2024-03-20T23:20:43","date_gmt":"2024-03-21T02:20:43","guid":{"rendered":"https:\/\/dgospel.com.br\/portal\/?p=18735"},"modified":"2024-03-20T23:20:44","modified_gmt":"2024-03-21T02:20:44","slug":"quaest-reprovacao-do-mercado-ao-governo-lula-dispara-em-2024","status":"publish","type":"post","link":"https:\/\/dgospel.com.br\/portal\/index.php\/2024\/03\/20\/quaest-reprovacao-do-mercado-ao-governo-lula-dispara-em-2024\/","title":{"rendered":"Quaest: Reprova\u00e7\u00e3o do mercado ao governo Lula dispara em 2024"},"content":{"rendered":"\n<p>O \u00edndice de reprova\u00e7\u00e3o do mercado financeiro ao governo&nbsp;<a href=\"http:\/\/pleno.news\/tag\/lula\" target=\"_blank\" rel=\"noreferrer noopener\">Lula<\/a>&nbsp;(PT) disparou no in\u00edcio deste ano, de acordo com uma pesquisa divulgada pela Genial\/Quaest nesta quarta-feira (20). Conforme o levantamento, a percep\u00e7\u00e3o negativa sobre a gest\u00e3o petista aumentou 12 pontos percentuais na compara\u00e7\u00e3o com novembro do ano passado, quando tinha sido feita a pesquisa anterior.<\/p>\n\n\n\n<p>No \u00faltimo levantamento, o percentual de avalia\u00e7\u00e3o negativa do governo estava em 52%. J\u00e1 na pesquisa divulgada nesta quarta, o \u00edndice aumentou para 64%. Ainda de acordo com os dados da Genial\/Quaest, 71% dos entrevistados avaliaram que a pol\u00edtica econ\u00f4mica do pa\u00eds est\u00e1 no rumo errado.<\/p>\n\n\n\n<p>Questionados sobre o que consideram o maior risco do governo Lula, os profissionais da \u00e1rea econ\u00f4mica elencaram como principal ponto o intervencionismo na economia, op\u00e7\u00e3o escolhida por 50% dos entrevistados. Em segundo lugar, apareceu o estouro da meta fiscal, com 23%; seguido pela perda de popularidade do presidente, com 19%.<\/p>\n\n\n\n<p>Os especialistas em economia tamb\u00e9m foram ouvidos sobre os fatos recentes envolvendo a Petrobras e a Vale. A decis\u00e3o da petroleira de n\u00e3o pagar dividendos extraordin\u00e1rios aos investidores foi uma decis\u00e3o errada para 97% dos entrevistados, e ter\u00e1 reflexo negativo na Bolsa de Valores para 85%.<\/p>\n\n\n\n<p>J\u00e1 sobre a Vale, 89% dos entrevistados avaliaram que uma poss\u00edvel interfer\u00eancia do governo na escolha do futuro CEO da empresa poderia afetar os investimentos estrangeiros no Brasil. Para 57%, as declara\u00e7\u00f5es de Lula sobre as duas companhias os fizeram mudar sua carteira de investimentos.<\/p>\n\n\n\n<p>A pesquisa foi realizada a partir de 101 entrevistas com gestores, economistas, analistas e tomadores de decis\u00e3o das maiores casas de investimento do Rio de Janeiro e de S\u00e3o Paulo, entre os dias 14 e 19 de mar\u00e7o. As entrevistas foram feitas online, por interm\u00e9dio da aplica\u00e7\u00e3o de question\u00e1rios estruturados.<\/p>\n","protected":false},"excerpt":{"rendered":"<p>O \u00edndice de reprova\u00e7\u00e3o do mercado financeiro ao governo&nbsp;Lula&nbsp;(PT) disparou no in\u00edcio deste ano, de acordo com uma pesquisa divulgada pela Genial\/Quaest nesta quarta-feira (20). Conforme o levantamento, a percep\u00e7\u00e3o negativa sobre a gest\u00e3o petista aumentou 12 pontos percentuais na compara\u00e7\u00e3o com novembro do ano passado, quando tinha sido feita a pesquisa anterior. No \u00faltimo [&hellip;]<\/p>\n","protected":false},"author":2,"featured_media":18736,"comment_status":"open","ping_status":"open","sticky":false,"template":"","format":"standard","meta":[],"categories":[4],"tags":[13],"_links":{"self":[{"href":"https:\/\/dgospel.com.br\/portal\/index.php\/wp-json\/wp\/v2\/posts\/18735"}],"collection":[{"href":"https:\/\/dgospel.com.br\/portal\/index.php\/wp-json\/wp\/v2\/posts"}],"about":[{"href":"https:\/\/dgospel.com.br\/portal\/index.php\/wp-json\/wp\/v2\/types\/post"}],"author":[{"embeddable":true,"href":"https:\/\/dgospel.com.br\/portal\/index.php\/wp-json\/wp\/v2\/users\/2"}],"replies":[{"embeddable":true,"href":"https:\/\/dgospel.com.br\/portal\/index.php\/wp-json\/wp\/v2\/comments?post=18735"}],"version-history":[{"count":1,"href":"https:\/\/dgospel.com.br\/portal\/index.php\/wp-json\/wp\/v2\/posts\/18735\/revisions"}],"predecessor-version":[{"id":18737,"href":"https:\/\/dgospel.com.br\/portal\/index.php\/wp-json\/wp\/v2\/posts\/18735\/revisions\/18737"}],"wp:featuredmedia":[{"embeddable":true,"href":"https:\/\/dgospel.com.br\/portal\/index.php\/wp-json\/wp\/v2\/media\/18736"}],"wp:attachment":[{"href":"https:\/\/dgospel.com.br\/portal\/index.php\/wp-json\/wp\/v2\/media?parent=18735"}],"wp:term":[{"taxonomy":"category","embeddable":true,"href":"https:\/\/dgospel.com.br\/portal\/index.php\/wp-json\/wp\/v2\/categories?post=18735"},{"taxonomy":"post_tag","embeddable":true,"href":"https:\/\/dgospel.com.br\/portal\/index.php\/wp-json\/wp\/v2\/tags?post=18735"}],"curies":[{"name":"wp","href":"https:\/\/api.w.org\/{rel}","templated":true}]}}