{"id":18738,"date":"2024-03-21T11:35:19","date_gmt":"2024-03-21T14:35:19","guid":{"rendered":"https:\/\/dgospel.com.br\/portal\/?p=18738"},"modified":"2024-03-21T11:35:21","modified_gmt":"2024-03-21T14:35:21","slug":"camara-aprova-fim-da-saidinha-em-datas-comemorativas","status":"publish","type":"post","link":"https:\/\/dgospel.com.br\/portal\/index.php\/2024\/03\/21\/camara-aprova-fim-da-saidinha-em-datas-comemorativas\/","title":{"rendered":"C\u00e2mara aprova fim da \u201csaidinha\u201d em datas comemorativas"},"content":{"rendered":"\n<p>&nbsp;C\u00e2mara dos Deputados aprovou, nesta quarta-feira (20), o Projeto de Lei (PL) das \u201csaidinhas\u201d em vota\u00e7\u00e3o simb\u00f3lica.<\/p>\n\n\n\n<p>A aprova\u00e7\u00e3o da proposi\u00e7\u00e3o veda as sa\u00eddas tempor\u00e1rias de detentos em datas comemorativas. Fica tamb\u00e9m proibida a concess\u00e3o quando se trata de crime hediondo ou quando cometido com o emprego de viol\u00eancia ou graves amea\u00e7as.<\/p>\n\n\n\n<p>A proposta j\u00e1 foi aprovada na C\u00e2mara e Senado e agora ser\u00e1 encaminhada para que o presidente Lula sancione ou vete.<\/p>\n\n\n\n<p><strong>NIKOLAS E DERRITE COMEMORAM<br><\/strong>O deputado federal Nikolas Ferreira (PL-MG) usou suas redes sociais na noite desta quarta-feira (20) para, ao lado do tamb\u00e9m deputado Guilherme Derrite (PL-SP), que \u00e9 o relator do projeto de lei das \u201csaidinhas\u201d, parabeniz\u00e1-lo pela vit\u00f3ria.<\/p>\n\n\n\n<p>\u2013 Ap\u00f3s mais de cinco anos de empenho, finalmente aprovamos o fim das sa\u00eddas tempor\u00e1rias, que ocasionaram diversas v\u00edtimas em todo o pa\u00eds. Perde o crime, vence o Brasil. Parab\u00e9ns pelo projeto,<br>Derrite.<\/p>\n\n\n\n<p><\/p>\n\n\n\n<figure class=\"wp-block-image size-full\"><img loading=\"lazy\" width=\"561\" height=\"508\" src=\"https:\/\/dgospel.com.br\/portal\/wp-content\/uploads\/2024\/03\/00-5.jpg\" alt=\"\" class=\"wp-image-18739\" srcset=\"https:\/\/dgospel.com.br\/portal\/wp-content\/uploads\/2024\/03\/00-5.jpg 561w, https:\/\/dgospel.com.br\/portal\/wp-content\/uploads\/2024\/03\/00-5-300x272.jpg 300w\" sizes=\"(max-width: 561px) 100vw, 561px\" \/><\/figure>\n","protected":false},"excerpt":{"rendered":"<p>&nbsp;C\u00e2mara dos Deputados aprovou, nesta quarta-feira (20), o Projeto de Lei (PL) das \u201csaidinhas\u201d em vota\u00e7\u00e3o simb\u00f3lica. A aprova\u00e7\u00e3o da proposi\u00e7\u00e3o veda as sa\u00eddas tempor\u00e1rias de detentos em datas comemorativas. Fica tamb\u00e9m proibida a concess\u00e3o quando se trata de crime hediondo ou quando cometido com o emprego de viol\u00eancia ou graves amea\u00e7as. A proposta j\u00e1 [&hellip;]<\/p>\n","protected":false},"author":2,"featured_media":18740,"comment_status":"open","ping_status":"open","sticky":false,"template":"","format":"standard","meta":[],"categories":[8],"tags":[13],"_links":{"self":[{"href":"https:\/\/dgospel.com.br\/portal\/index.php\/wp-json\/wp\/v2\/posts\/18738"}],"collection":[{"href":"https:\/\/dgospel.com.br\/portal\/index.php\/wp-json\/wp\/v2\/posts"}],"about":[{"href":"https:\/\/dgospel.com.br\/portal\/index.php\/wp-json\/wp\/v2\/types\/post"}],"author":[{"embeddable":true,"href":"https:\/\/dgospel.com.br\/portal\/index.php\/wp-json\/wp\/v2\/users\/2"}],"replies":[{"embeddable":true,"href":"https:\/\/dgospel.com.br\/portal\/index.php\/wp-json\/wp\/v2\/comments?post=18738"}],"version-history":[{"count":1,"href":"https:\/\/dgospel.com.br\/portal\/index.php\/wp-json\/wp\/v2\/posts\/18738\/revisions"}],"predecessor-version":[{"id":18741,"href":"https:\/\/dgospel.com.br\/portal\/index.php\/wp-json\/wp\/v2\/posts\/18738\/revisions\/18741"}],"wp:featuredmedia":[{"embeddable":true,"href":"https:\/\/dgospel.com.br\/portal\/index.php\/wp-json\/wp\/v2\/media\/18740"}],"wp:attachment":[{"href":"https:\/\/dgospel.com.br\/portal\/index.php\/wp-json\/wp\/v2\/media?parent=18738"}],"wp:term":[{"taxonomy":"category","embeddable":true,"href":"https:\/\/dgospel.com.br\/portal\/index.php\/wp-json\/wp\/v2\/categories?post=18738"},{"taxonomy":"post_tag","embeddable":true,"href":"https:\/\/dgospel.com.br\/portal\/index.php\/wp-json\/wp\/v2\/tags?post=18738"}],"curies":[{"name":"wp","href":"https:\/\/api.w.org\/{rel}","templated":true}]}}