{"id":18742,"date":"2024-03-21T11:36:57","date_gmt":"2024-03-21T14:36:57","guid":{"rendered":"https:\/\/dgospel.com.br\/portal\/?p=18742"},"modified":"2024-03-21T11:36:59","modified_gmt":"2024-03-21T14:36:59","slug":"oposicao-na-camara-parabeniza-pt-por-44-anos-de-corrupcao","status":"publish","type":"post","link":"https:\/\/dgospel.com.br\/portal\/index.php\/2024\/03\/21\/oposicao-na-camara-parabeniza-pt-por-44-anos-de-corrupcao\/","title":{"rendered":"Oposi\u00e7\u00e3o na C\u00e2mara parabeniza PT por \u201c44 anos de corrup\u00e7\u00e3o\u201d"},"content":{"rendered":"\n<p>Deputados que comp\u00f5em a oposi\u00e7\u00e3o ao governo \u201chomenagearam\u201d o Partido dos Trabalhadores (PT) pelos \u201c44 anos de corrup\u00e7\u00e3o\u201d, em cerim\u00f4nia realizada no plen\u00e1rio da C\u00e2mara dos Deputados, nesta quarta-feira (20), para celebrar mais um anivers\u00e1rio de funda\u00e7\u00e3o do partido.<\/p>\n\n\n\n<p>Na sess\u00e3o solene, Eduardo Bolsonaro (SP), Coronel Meira (PE) e Paulo Bilynskyj (SP), todos do Partido Liberal (PL), exibiram uma faixa com os dizeres \u201c44 anos de corrup\u00e7\u00e3o. Parab\u00e9ns\u201d, ironizando o anivers\u00e1rio petista.<\/p>\n\n\n\n<p>A cena foi compartilhada no Instagram de Eduardo Bolsonaro. Enquanto os parlamentares seguravam a faixa, houve trocas de insultos e exalta\u00e7\u00e3o.<\/p>\n\n\n\n<blockquote class=\"wp-block-quote\"><p>&nbsp;Ver essa foto no Instagram<\/p><p>&nbsp;<\/p><p><a href=\"https:\/\/www.instagram.com\/reel\/C4vp1ByLjp9\/?utm_source=ig_embed&amp;utm_campaign=loading\" target=\"_blank\" rel=\"noreferrer noopener\">Uma publica\u00e7\u00e3o compartilhada por Eduardo Bolsonaro (@bolsonarosp)<\/a><\/p><\/blockquote>\n\n\n\n<p>A deputada que presidia a sess\u00e3o, Maria do Ros\u00e1rio (PT-RS), chamou a Pol\u00edcia Legislativa a fim de que a faixa fosse guardada e pediu \u201caos deputados que n\u00e3o respeitam a democracia\u201d, que respeitassem os mandatos que exercem. Ela ainda solicitou diversas vezes que os parlamentares se afastassem, afirmando que \u201cningu\u00e9m toca em deputado\u201d.<\/p>\n\n\n\n<p>*Com informa\u00e7\u00f5es AE<\/p>\n","protected":false},"excerpt":{"rendered":"<p>Deputados que comp\u00f5em a oposi\u00e7\u00e3o ao governo \u201chomenagearam\u201d o Partido dos Trabalhadores (PT) pelos \u201c44 anos de corrup\u00e7\u00e3o\u201d, em cerim\u00f4nia realizada no plen\u00e1rio da C\u00e2mara dos Deputados, nesta quarta-feira (20), para celebrar mais um anivers\u00e1rio de funda\u00e7\u00e3o do partido. Na sess\u00e3o solene, Eduardo Bolsonaro (SP), Coronel Meira (PE) e Paulo Bilynskyj (SP), todos do Partido [&hellip;]<\/p>\n","protected":false},"author":2,"featured_media":18743,"comment_status":"open","ping_status":"open","sticky":false,"template":"","format":"standard","meta":[],"categories":[11,12,10],"tags":[],"_links":{"self":[{"href":"https:\/\/dgospel.com.br\/portal\/index.php\/wp-json\/wp\/v2\/posts\/18742"}],"collection":[{"href":"https:\/\/dgospel.com.br\/portal\/index.php\/wp-json\/wp\/v2\/posts"}],"about":[{"href":"https:\/\/dgospel.com.br\/portal\/index.php\/wp-json\/wp\/v2\/types\/post"}],"author":[{"embeddable":true,"href":"https:\/\/dgospel.com.br\/portal\/index.php\/wp-json\/wp\/v2\/users\/2"}],"replies":[{"embeddable":true,"href":"https:\/\/dgospel.com.br\/portal\/index.php\/wp-json\/wp\/v2\/comments?post=18742"}],"version-history":[{"count":1,"href":"https:\/\/dgospel.com.br\/portal\/index.php\/wp-json\/wp\/v2\/posts\/18742\/revisions"}],"predecessor-version":[{"id":18744,"href":"https:\/\/dgospel.com.br\/portal\/index.php\/wp-json\/wp\/v2\/posts\/18742\/revisions\/18744"}],"wp:featuredmedia":[{"embeddable":true,"href":"https:\/\/dgospel.com.br\/portal\/index.php\/wp-json\/wp\/v2\/media\/18743"}],"wp:attachment":[{"href":"https:\/\/dgospel.com.br\/portal\/index.php\/wp-json\/wp\/v2\/media?parent=18742"}],"wp:term":[{"taxonomy":"category","embeddable":true,"href":"https:\/\/dgospel.com.br\/portal\/index.php\/wp-json\/wp\/v2\/categories?post=18742"},{"taxonomy":"post_tag","embeddable":true,"href":"https:\/\/dgospel.com.br\/portal\/index.php\/wp-json\/wp\/v2\/tags?post=18742"}],"curies":[{"name":"wp","href":"https:\/\/api.w.org\/{rel}","templated":true}]}}