{"id":18748,"date":"2024-03-21T11:48:06","date_gmt":"2024-03-21T14:48:06","guid":{"rendered":"https:\/\/dgospel.com.br\/portal\/?p=18748"},"modified":"2024-03-21T18:39:59","modified_gmt":"2024-03-21T21:39:59","slug":"viagens-e-declaracoes-de-lula-destruiram-a-imagem-do-brasil-no-exterior-aponta-pesquisa-no-mercado-financeiro","status":"publish","type":"post","link":"https:\/\/dgospel.com.br\/portal\/index.php\/2024\/03\/21\/viagens-e-declaracoes-de-lula-destruiram-a-imagem-do-brasil-no-exterior-aponta-pesquisa-no-mercado-financeiro\/","title":{"rendered":"Viagens e declara\u00e7\u00f5es de Lula destru\u00edram a imagem do Brasil no exterior, aponta pesquisa no mercado financeiro"},"content":{"rendered":"\n<p>Uma pesquisa recente da Genial\/Quaest, envolvendo 101 profissionais do mercado financeiro de S\u00e3o Paulo e Rio de Janeiro, aponta que as a\u00e7\u00f5es e falas controversas do presidente Lula t\u00eam contribu\u00eddo para uma vis\u00e3o muito negativa do Brasil entre os investidores internacionais. Segundo o estudo, realizado nos dias 14 e 15 de mar\u00e7o, 45% dos entrevistados percebem uma deteriora\u00e7\u00e3o da imagem do pa\u00eds desde a posse de Lula. Enquanto isso, 31% veem a percep\u00e7\u00e3o externa como inalterada, e 25% consideram que houve melhoria.<\/p>\n\n\n\n<p>Esta tend\u00eancia de piora na imagem externa do Brasil ganhou for\u00e7a desde novembro de 2023, destacando um aumento significativo na preocupa\u00e7\u00e3o com as repercuss\u00f5es das declara\u00e7\u00f5es do presidente. Al\u00e9m do impacto no mercado, as falhas de Lula tamb\u00e9m afetaram sua avalia\u00e7\u00e3o em diferentes segmentos da sociedade, especialmente entre o p\u00fablico evang\u00e9lico, devido a coment\u00e1rios sobre o Holocausto e a situa\u00e7\u00e3o em Gaza.<\/p>\n\n\n\n<p>Felipe Nunes, diretor da Quaest, destacou em sua rede social a influ\u00eancia dessas declara\u00e7\u00f5es na queda da aprova\u00e7\u00e3o de Lula, especialmente entre os evang\u00e9licos, observando que 60% dos brasileiros acham que o presidente exagerou nas compara\u00e7\u00f5es envolvendo Gaza.<\/p>\n\n\n\n<p>No cen\u00e1rio internacional, 49% dos profissionais financeiros acreditam que as elei\u00e7\u00f5es americanas ter\u00e3o um impacto na economia brasileira, com 60% preferindo Joe Biden a Donald Trump por consider\u00e1-lo mais ben\u00e9fico para o Brasil. A pesquisa tamb\u00e9m revela uma expectativa positiva quanto ao afrouxamento monet\u00e1rio pelo Federal Reserve, com 90% dos entrevistados prevendo cortes nas taxas de juros americanas, o que, para 92% deles, impactaria positivamente a economia brasileira.<\/p>\n","protected":false},"excerpt":{"rendered":"<p>Uma pesquisa recente da Genial\/Quaest, envolvendo 101 profissionais do mercado financeiro de S\u00e3o Paulo e Rio de Janeiro, aponta que as a\u00e7\u00f5es e falas controversas do presidente Lula t\u00eam contribu\u00eddo para uma vis\u00e3o muito negativa do Brasil entre os investidores internacionais. Segundo o estudo, realizado nos dias 14 e 15 de mar\u00e7o, 45% dos entrevistados [&hellip;]<\/p>\n","protected":false},"author":2,"featured_media":18605,"comment_status":"open","ping_status":"open","sticky":false,"template":"","format":"standard","meta":[],"categories":[10],"tags":[],"_links":{"self":[{"href":"https:\/\/dgospel.com.br\/portal\/index.php\/wp-json\/wp\/v2\/posts\/18748"}],"collection":[{"href":"https:\/\/dgospel.com.br\/portal\/index.php\/wp-json\/wp\/v2\/posts"}],"about":[{"href":"https:\/\/dgospel.com.br\/portal\/index.php\/wp-json\/wp\/v2\/types\/post"}],"author":[{"embeddable":true,"href":"https:\/\/dgospel.com.br\/portal\/index.php\/wp-json\/wp\/v2\/users\/2"}],"replies":[{"embeddable":true,"href":"https:\/\/dgospel.com.br\/portal\/index.php\/wp-json\/wp\/v2\/comments?post=18748"}],"version-history":[{"count":1,"href":"https:\/\/dgospel.com.br\/portal\/index.php\/wp-json\/wp\/v2\/posts\/18748\/revisions"}],"predecessor-version":[{"id":18749,"href":"https:\/\/dgospel.com.br\/portal\/index.php\/wp-json\/wp\/v2\/posts\/18748\/revisions\/18749"}],"wp:featuredmedia":[{"embeddable":true,"href":"https:\/\/dgospel.com.br\/portal\/index.php\/wp-json\/wp\/v2\/media\/18605"}],"wp:attachment":[{"href":"https:\/\/dgospel.com.br\/portal\/index.php\/wp-json\/wp\/v2\/media?parent=18748"}],"wp:term":[{"taxonomy":"category","embeddable":true,"href":"https:\/\/dgospel.com.br\/portal\/index.php\/wp-json\/wp\/v2\/categories?post=18748"},{"taxonomy":"post_tag","embeddable":true,"href":"https:\/\/dgospel.com.br\/portal\/index.php\/wp-json\/wp\/v2\/tags?post=18748"}],"curies":[{"name":"wp","href":"https:\/\/api.w.org\/{rel}","templated":true}]}}