{"id":18753,"date":"2024-03-21T12:35:21","date_gmt":"2024-03-21T15:35:21","guid":{"rendered":"https:\/\/dgospel.com.br\/portal\/?p=18753"},"modified":"2024-03-21T12:35:22","modified_gmt":"2024-03-21T15:35:22","slug":"mentindo-que-moveis-do-alvorada-estavam-sumidos-lula-e-janja-gastaram-r-1967-mil-para-comprar-moveis-de-luxo","status":"publish","type":"post","link":"https:\/\/dgospel.com.br\/portal\/index.php\/2024\/03\/21\/mentindo-que-moveis-do-alvorada-estavam-sumidos-lula-e-janja-gastaram-r-1967-mil-para-comprar-moveis-de-luxo\/","title":{"rendered":"Mentindo que\u00a0m\u00f3veis do Alvorada estavam sumidos, Lula e Janja gastaram R$ 196,7 mil para comprar m\u00f3veis de luxo"},"content":{"rendered":"\n<p>Por alegar que os m\u00f3veis do Pal\u00e1cio da Alvorada estavam sumidos, o presidente Luiz In\u00e1cio Lula da Silva (PT) e sua esposa, Janja da Silva, compraram R$ 196,7 mil em m\u00f3veis de luxo. A justificativa foi de que a resid\u00eancia oficial do presidente n\u00e3o estava em condi\u00e7\u00f5es habit\u00e1veis e precisaria de reformas.<\/p>\n\n\n\n<p>A nova mob\u00edlia, comprada sem licita\u00e7\u00e3o, foi uma das exig\u00eancias para que o casal deixasse o hotel onde ficaram hospedados e ocupassem o Alvorada.<\/p>\n\n\n\n<p>Lula acusou Jair Bolsonaro de ter retirado tudo do andar de cima da casa, entre os itens estavam sof\u00e1 e cama. Assim, o governo gastou R$ 65 mil com um novo sof\u00e1 e R$ 42 mil com cama nova.<\/p>\n\n\n\n<p>\u2013 Pelo menos a parte de cima [do pal\u00e1cio], est\u00e1 uma coisa como se n\u00e3o tivesse sido habitada, porque est\u00e1 todo desmontado, n\u00e3o tem cama, n\u00e3o tem sof\u00e1.<\/p>\n\n\n\n<p>No total, segundo o governo, 261 m\u00f3veis haviam desaparecido. Tr\u00eas meses depois, foi informado que alguns m\u00f3veis haviam aparecido e a quantidade caiu para 83 desaparecidos. Por fim, concluiu-se que nenhum item havia sido levado, em uma inspe\u00e7\u00e3o realizada em setembro do \u00faltimo ano.<\/p>\n\n\n\n<p>A informa\u00e7\u00e3o de que todos os m\u00f3veis foram encontrados dentro das depend\u00eancias do pr\u00f3prio pal\u00e1cio foi divulgada pela Folha de S\u00e3o Paulo, que procurou saber o desfecho da hist\u00f3ria.<\/p>\n","protected":false},"excerpt":{"rendered":"<p>Por alegar que os m\u00f3veis do Pal\u00e1cio da Alvorada estavam sumidos, o presidente Luiz In\u00e1cio Lula da Silva (PT) e sua esposa, Janja da Silva, compraram R$ 196,7 mil em m\u00f3veis de luxo. A justificativa foi de que a resid\u00eancia oficial do presidente n\u00e3o estava em condi\u00e7\u00f5es habit\u00e1veis e precisaria de reformas. A nova mob\u00edlia, [&hellip;]<\/p>\n","protected":false},"author":2,"featured_media":18754,"comment_status":"open","ping_status":"open","sticky":false,"template":"","format":"standard","meta":[],"categories":[11,4],"tags":[],"_links":{"self":[{"href":"https:\/\/dgospel.com.br\/portal\/index.php\/wp-json\/wp\/v2\/posts\/18753"}],"collection":[{"href":"https:\/\/dgospel.com.br\/portal\/index.php\/wp-json\/wp\/v2\/posts"}],"about":[{"href":"https:\/\/dgospel.com.br\/portal\/index.php\/wp-json\/wp\/v2\/types\/post"}],"author":[{"embeddable":true,"href":"https:\/\/dgospel.com.br\/portal\/index.php\/wp-json\/wp\/v2\/users\/2"}],"replies":[{"embeddable":true,"href":"https:\/\/dgospel.com.br\/portal\/index.php\/wp-json\/wp\/v2\/comments?post=18753"}],"version-history":[{"count":1,"href":"https:\/\/dgospel.com.br\/portal\/index.php\/wp-json\/wp\/v2\/posts\/18753\/revisions"}],"predecessor-version":[{"id":18755,"href":"https:\/\/dgospel.com.br\/portal\/index.php\/wp-json\/wp\/v2\/posts\/18753\/revisions\/18755"}],"wp:featuredmedia":[{"embeddable":true,"href":"https:\/\/dgospel.com.br\/portal\/index.php\/wp-json\/wp\/v2\/media\/18754"}],"wp:attachment":[{"href":"https:\/\/dgospel.com.br\/portal\/index.php\/wp-json\/wp\/v2\/media?parent=18753"}],"wp:term":[{"taxonomy":"category","embeddable":true,"href":"https:\/\/dgospel.com.br\/portal\/index.php\/wp-json\/wp\/v2\/categories?post=18753"},{"taxonomy":"post_tag","embeddable":true,"href":"https:\/\/dgospel.com.br\/portal\/index.php\/wp-json\/wp\/v2\/tags?post=18753"}],"curies":[{"name":"wp","href":"https:\/\/api.w.org\/{rel}","templated":true}]}}