{"id":18756,"date":"2024-03-21T12:43:27","date_gmt":"2024-03-21T15:43:27","guid":{"rendered":"https:\/\/dgospel.com.br\/portal\/?p=18756"},"modified":"2024-03-21T12:43:29","modified_gmt":"2024-03-21T15:43:29","slug":"em-jantar-de-aniversario-do-pt-lula-volta-a-fazer-ataques-a-israel","status":"publish","type":"post","link":"https:\/\/dgospel.com.br\/portal\/index.php\/2024\/03\/21\/em-jantar-de-aniversario-do-pt-lula-volta-a-fazer-ataques-a-israel\/","title":{"rendered":"Em jantar de anivers\u00e1rio do PT, Lula volta a fazer ataques a Israel"},"content":{"rendered":"\n<p>O jantar de anivers\u00e1rio de 44 anos do Partido dos Trabalhadores (<a href=\"http:\/\/pleno.news\/tag\/pt\" target=\"_blank\" rel=\"noreferrer noopener\">PT<\/a>), na noite desta quarta-feira (20), teve discurso do presidente&nbsp;<a href=\"http:\/\/pleno.news\/tag\/lula\" target=\"_blank\" rel=\"noreferrer noopener\">Luiz In\u00e1cio Lula da Silva<\/a>&nbsp;com novos ataques a Israel por causa da guerra na Faixa de Gaza. No evento, de acordo com o jornal O Estado de S\u00e3o Paulo, o petista classificou as a\u00e7\u00f5es israelenses como \u201ccarnificina\u201d e \u201cgenoc\u00eddio\u201d.<\/p>\n\n\n\n<p>\u2013 As pessoas que defendem paz no mundo n\u00e3o t\u00eam muita coragem de defender mulheres e crian\u00e7as na Faixa de Gaza, que est\u00e3o sendo\u00a0assassinadas\u00a0todos os dias, porque aquilo n\u00e3o \u00e9 uma\u00a0guerra, aquilo \u00e9 um genoc\u00eddio \u2013 disse.<\/p>\n\n\n\n<p>O jantar, que aconteceu no Centro Internacional de Conven\u00e7\u00f5es do Brasil (CICB), em Bras\u00edlia, teve o ingresso mais barato comercializado a R$ 350 e o mais caro sendo vendido a R$ 20 mil. Ao menos 12 ministros foram ao evento, entre eles o vice-presidente e chefe da pasta de Desenvolvimento, Ind\u00fastria, Com\u00e9rcio e Servi\u00e7os, Geraldo Alckmin (PSB).<\/p>\n\n\n\n<p>Tamb\u00e9m marcaram presen\u00e7a no anivers\u00e1rio do partido petista os ministros Rui Costa (Casa Civil), Alexandre Padilha (Rela\u00e7\u00f5es Institucionais), N\u00edsia Trindade (Sa\u00fade), Esther Dweck (Gest\u00e3o), Anielle Franco (Igualdade Racial), Margareth Menezes (Cultura), Luiz Marinho (Trabalho), Jorge Messias (Advocacia-Geral da Uni\u00e3o), Paulo Pimenta (Secretaria de Comunica\u00e7\u00e3o Social), M\u00e1rcio Mac\u00eado (Secretaria-Geral), Paulo Teixeira (Desenvolvimento Agr\u00e1rio).<\/p>\n","protected":false},"excerpt":{"rendered":"<p>O jantar de anivers\u00e1rio de 44 anos do Partido dos Trabalhadores (PT), na noite desta quarta-feira (20), teve discurso do presidente&nbsp;Luiz In\u00e1cio Lula da Silva&nbsp;com novos ataques a Israel por causa da guerra na Faixa de Gaza. No evento, de acordo com o jornal O Estado de S\u00e3o Paulo, o petista classificou as a\u00e7\u00f5es israelenses [&hellip;]<\/p>\n","protected":false},"author":2,"featured_media":18757,"comment_status":"open","ping_status":"open","sticky":false,"template":"","format":"standard","meta":[],"categories":[4],"tags":[],"_links":{"self":[{"href":"https:\/\/dgospel.com.br\/portal\/index.php\/wp-json\/wp\/v2\/posts\/18756"}],"collection":[{"href":"https:\/\/dgospel.com.br\/portal\/index.php\/wp-json\/wp\/v2\/posts"}],"about":[{"href":"https:\/\/dgospel.com.br\/portal\/index.php\/wp-json\/wp\/v2\/types\/post"}],"author":[{"embeddable":true,"href":"https:\/\/dgospel.com.br\/portal\/index.php\/wp-json\/wp\/v2\/users\/2"}],"replies":[{"embeddable":true,"href":"https:\/\/dgospel.com.br\/portal\/index.php\/wp-json\/wp\/v2\/comments?post=18756"}],"version-history":[{"count":1,"href":"https:\/\/dgospel.com.br\/portal\/index.php\/wp-json\/wp\/v2\/posts\/18756\/revisions"}],"predecessor-version":[{"id":18758,"href":"https:\/\/dgospel.com.br\/portal\/index.php\/wp-json\/wp\/v2\/posts\/18756\/revisions\/18758"}],"wp:featuredmedia":[{"embeddable":true,"href":"https:\/\/dgospel.com.br\/portal\/index.php\/wp-json\/wp\/v2\/media\/18757"}],"wp:attachment":[{"href":"https:\/\/dgospel.com.br\/portal\/index.php\/wp-json\/wp\/v2\/media?parent=18756"}],"wp:term":[{"taxonomy":"category","embeddable":true,"href":"https:\/\/dgospel.com.br\/portal\/index.php\/wp-json\/wp\/v2\/categories?post=18756"},{"taxonomy":"post_tag","embeddable":true,"href":"https:\/\/dgospel.com.br\/portal\/index.php\/wp-json\/wp\/v2\/tags?post=18756"}],"curies":[{"name":"wp","href":"https:\/\/api.w.org\/{rel}","templated":true}]}}