{"id":18772,"date":"2024-03-21T13:02:12","date_gmt":"2024-03-21T16:02:12","guid":{"rendered":"https:\/\/dgospel.com.br\/portal\/?p=18772"},"modified":"2024-03-21T13:02:14","modified_gmt":"2024-03-21T16:02:14","slug":"intolerancia-religiosa-cresce-na-guine-bissau-com-igreja-evangelica-incendiada","status":"publish","type":"post","link":"https:\/\/dgospel.com.br\/portal\/index.php\/2024\/03\/21\/intolerancia-religiosa-cresce-na-guine-bissau-com-igreja-evangelica-incendiada\/","title":{"rendered":"Intoler\u00e2ncia religiosa cresce na Guin\u00e9-Bissau com igreja evang\u00e9lica incendiada"},"content":{"rendered":"\n<p>A&nbsp;<strong><a href=\"https:\/\/guiame.com.br\/gospel\/missoes-acao-social\/milhares-se-entregam-jesus-em-cruzada-na-guine-bissau-nunca-vi-nada-igual.html\">Guin\u00e9-Bissau<\/a><\/strong>&nbsp;tem se tornado um pa\u00eds com mais intoler\u00e2ncia religiosa. Uma not\u00edcia veiculada pelo site alem\u00e3o Deutsche Welle tr\u00e1s alguns fatos sobre essa nova situa\u00e7\u00e3o no pa\u00eds africano.<\/p>\n\n\n\n<p>Um dos casos \u00e9 sobre um inc\u00eandio num importante local de culto tradicional da etnia papel no bairro de Mindar\u00e1 em Bissau, por pessoas ainda n\u00e3o identificadas.<\/p>\n\n\n\n<p>Dias depois, uma igreja evang\u00e9lica no mesmo bairro tamb\u00e9m foi incendiada.<\/p>\n\n\n\n<p>Em 2021, a lideran\u00e7a da Liga Guineense dos Direitos Humanos (LGDH) denunciou, num comunicado, amea\u00e7as feitas contra um padre cat\u00f3lico por cr\u00edticas ao presidente do pa\u00eds, Umaro Sissoco Embal\u00f3.<\/p>\n\n\n\n<p>Pessoas n\u00e3o identificadas teriam feito as amea\u00e7as contra o Pe. Augusto Mutna Tamb\u00e1, sacerdote da Diocese de Bafata.<\/p>\n\n\n\n<p>Em 2022, uma igreja cat\u00f3lica localizada na cidade de Gab\u00fa, no leste da Guin\u00e9-Bissau, foi alvo de vandalismo por um grupo que, at\u00e9 o momento, n\u00e3o foi responsabilizado judicialmente pelo ocorrido.<\/p>\n\n\n\n<p><strong>Cristianismo<\/strong><\/p>\n\n\n\n<p>No pa\u00eds, apenas 11,7% da popula\u00e7\u00e3o se declara crist\u00e3, enquanto aproximadamente 70% s\u00e3o&nbsp;<strong><a href=\"https:\/\/guiame.com.br\/gospel\/missoes-acao-social\/cristao-e-agredido-por-12-funcionarios-muculmanos-apos-ser-promovido-no-trabalho.html\">mu\u00e7ulmanos<\/a><\/strong>, com crescimento em influ\u00eancia do Isl\u00e3 nos \u00faltimos anos.<\/p>\n\n\n\n<p>Apesar do avan\u00e7o significativo do Isl\u00e3, tanto em termos religiosos quanto culturais, h\u00e1 um&nbsp;<strong><a href=\"https:\/\/guiame.com.br\/gospel\/missoes-acao-social\/milhares-se-entregam-jesus-em-cruzada-na-guine-bissau-nunca-vi-nada-igual.html\">movimento poderoso de Deus<\/a><\/strong>&nbsp;ocorrendo na Guin\u00e9-Bissau ao mesmo tempo, diz a World Harvest, um minist\u00e9rio liderado pelo evangelista Jacob Ebersole.<\/p>\n\n\n\n<p>Recentemente, a World Harvest realizou uma s\u00e9rie de eventos evangel\u00edsticos em toda a Guin\u00e9-Bissau.<\/p>\n\n\n\n<p>\u201cTomei conhecimento dessas a\u00e7\u00f5es por meio de um v\u00eddeo nas redes sociais que mostrava milhares de jovens inundando as ruas e entoando louvores a Jesus\u201d, conta David Hoffman.<\/p>\n\n\n\n<p>\u201cAo aprofundar minha pesquisa e entrar em contato com o minist\u00e9rio respons\u00e1vel por esses esfor\u00e7os evangel\u00edsticos, descobri testemunhos incr\u00edveis de eventos poderosos que est\u00e3o ocorrendo na na\u00e7\u00e3o\u201d, diz.<\/p>\n\n\n\n<p>\u201cTamb\u00e9m tive a oportunidade de entrar em contato pessoalmente com o Evangelista Jacob Ebersole para realizar uma entrevista e ouvir suas perspectivas sobre o que est\u00e1 acontecendo\u201d.<\/p>\n\n\n\n<p>Na pr\u00f3xima quinta-feira (21), os l\u00edderes das principais confiss\u00f5es religiosas da Guin\u00e9-Bissau pretendem divulgar uma declara\u00e7\u00e3o conjunta, apelando \u00e0 paz e \u00e0 toler\u00e2ncia religiosa no pa\u00eds, em resposta \u00e0 escalada da situa\u00e7\u00e3o.<\/p>\n","protected":false},"excerpt":{"rendered":"<p>A&nbsp;Guin\u00e9-Bissau&nbsp;tem se tornado um pa\u00eds com mais intoler\u00e2ncia religiosa. Uma not\u00edcia veiculada pelo site alem\u00e3o Deutsche Welle tr\u00e1s alguns fatos sobre essa nova situa\u00e7\u00e3o no pa\u00eds africano. Um dos casos \u00e9 sobre um inc\u00eandio num importante local de culto tradicional da etnia papel no bairro de Mindar\u00e1 em Bissau, por pessoas ainda n\u00e3o identificadas. Dias [&hellip;]<\/p>\n","protected":false},"author":2,"featured_media":18773,"comment_status":"open","ping_status":"open","sticky":false,"template":"","format":"standard","meta":[],"categories":[16],"tags":[],"_links":{"self":[{"href":"https:\/\/dgospel.com.br\/portal\/index.php\/wp-json\/wp\/v2\/posts\/18772"}],"collection":[{"href":"https:\/\/dgospel.com.br\/portal\/index.php\/wp-json\/wp\/v2\/posts"}],"about":[{"href":"https:\/\/dgospel.com.br\/portal\/index.php\/wp-json\/wp\/v2\/types\/post"}],"author":[{"embeddable":true,"href":"https:\/\/dgospel.com.br\/portal\/index.php\/wp-json\/wp\/v2\/users\/2"}],"replies":[{"embeddable":true,"href":"https:\/\/dgospel.com.br\/portal\/index.php\/wp-json\/wp\/v2\/comments?post=18772"}],"version-history":[{"count":1,"href":"https:\/\/dgospel.com.br\/portal\/index.php\/wp-json\/wp\/v2\/posts\/18772\/revisions"}],"predecessor-version":[{"id":18774,"href":"https:\/\/dgospel.com.br\/portal\/index.php\/wp-json\/wp\/v2\/posts\/18772\/revisions\/18774"}],"wp:featuredmedia":[{"embeddable":true,"href":"https:\/\/dgospel.com.br\/portal\/index.php\/wp-json\/wp\/v2\/media\/18773"}],"wp:attachment":[{"href":"https:\/\/dgospel.com.br\/portal\/index.php\/wp-json\/wp\/v2\/media?parent=18772"}],"wp:term":[{"taxonomy":"category","embeddable":true,"href":"https:\/\/dgospel.com.br\/portal\/index.php\/wp-json\/wp\/v2\/categories?post=18772"},{"taxonomy":"post_tag","embeddable":true,"href":"https:\/\/dgospel.com.br\/portal\/index.php\/wp-json\/wp\/v2\/tags?post=18772"}],"curies":[{"name":"wp","href":"https:\/\/api.w.org\/{rel}","templated":true}]}}