{"id":18775,"date":"2024-03-21T13:06:00","date_gmt":"2024-03-21T16:06:00","guid":{"rendered":"https:\/\/dgospel.com.br\/portal\/?p=18775"},"modified":"2024-03-21T13:06:01","modified_gmt":"2024-03-21T16:06:01","slug":"franklin-ferreira-explica-como-a-visao-da-igreja-rivaliza-com-a-do-esquerdista","status":"publish","type":"post","link":"https:\/\/dgospel.com.br\/portal\/index.php\/2024\/03\/21\/franklin-ferreira-explica-como-a-visao-da-igreja-rivaliza-com-a-do-esquerdista\/","title":{"rendered":"Franklin Ferreira explica como a vis\u00e3o da Igreja rivaliza com a do \u201cesquerdista\u201d"},"content":{"rendered":"\n<p>O pastor, te\u00f3logo e escritor Franklin Ferreira, doutor em Divindade pelo&nbsp;<em>Puritan Reformed Theological Seminary<\/em>&nbsp;e mestre em Teologia pelo Semin\u00e1rio Teol\u00f3gico Batista do Sul do Brasil, participou do \u201cPositivamente Podcast\u201d, onde abordou aspectos diferenciais na vis\u00e3o de mundo da Igreja e da esquerda pol\u00edtica.<\/p>\n\n\n\n<p>Ferreira explicou que a diferen\u00e7a central parte da compreens\u00e3o de como a sociedade \u00e9 estruturada. No caso da Igreja, essa estrutura\u00e7\u00e3o \u00e9 entendida como sendo Deus e a sua vontade o ponto de partida, vindo a partir dEle a cria\u00e7\u00e3o da fam\u00edlia e s\u00f3 ent\u00e3o o Estado.<\/p>\n\n\n\n<p>\u201cDeus \u00e9 o soberano\u201d, enfatiza o pastor, frisando que, como a fam\u00edlia crist\u00e3 segue a sua vontade, consequentemente se v\u00ea respons\u00e1vel pela forma\u00e7\u00e3o educacional dos filhos, tendo o dever de orient\u00e1-los moral e socialmente.<\/p>\n\n\n\n<p>J\u00e1 na \u201ccabe\u00e7a do esquerdista\u201d, diz o pastor, essa estrutura \u00e9 inversa! O Estado, nesse caso, estaria acima de tudo e todos, sendo o respons\u00e1vel direto at\u00e9 mesmo pela tutela moral dos filhos, como uma esp\u00e9cie de gestor administrativo da vida p\u00fablica, incluindo seus recursos e costumes.<\/p>\n\n\n\n<p>De acordo com o pastor, a vis\u00e3o ideol\u00f3gica de esquerda \u00e9 algo incompat\u00edvel tamb\u00e9m com a cosmovis\u00e3o judaica, uma vez que os judeus tamb\u00e9m prezam pela forma\u00e7\u00e3o moral dos filhos no seio da fam\u00edlia, e mais do que isso, tamb\u00e9m parte da sua forma\u00e7\u00e3o acad\u00eamica.<\/p>\n\n\n\n<h2>Import\u00e2ncia do ensino<\/h2>\n\n\n\n<p>Para Franklin Ferreira, esse \u00e9 um entendimento que as igrejas devem ter a responsabilidade de transmitir aos fi\u00e9is, o que exige maior investimento no tempo de estudo entre os membros da congrega\u00e7\u00e3o.<\/p>\n\n\n\n<p>O te\u00f3logo sugere, por exemplo, que os pequenos grupos sejam mais valorizados do que a escola b\u00edblica dominical, uma vez que possuem maior tempo e liberdade para abordar diferentes temas.<\/p>\n\n\n\n<p>Em resumo, \u201cessas cosmovis\u00f5es opostas refletem uma batalha fundamental sobre quem det\u00e9m a autoridade suprema: Deus ou o Estado\u201d, resume o&nbsp;<em>podcast<\/em>.&nbsp;<a href=\"https:\/\/www.instagram.com\/p\/C4kzE4ZOLLq\/\">Assista<\/a>&nbsp;tr\u00eas recortes abaixo:<\/p>\n\n\n\n<p>Ver essa foto no Instagram<\/p>\n\n\n\n<p><a target=\"_blank\" href=\"https:\/\/www.instagram.com\/reel\/C4kzE4ZOLLq\/?utm_source=ig_embed&amp;utm_campaign=loading\" rel=\"noreferrer noopener\">UMA PUBLICA\u00c7\u00c3O COMPARTILHADA POR ESPIRITUALMENTE PODCAST (@ESPIRITUALMENTEPODCAST)<\/a><\/p>\n\n\n\n<p>Ver essa foto no Instagram<\/p>\n\n\n\n<p><a target=\"_blank\" href=\"https:\/\/www.instagram.com\/reel\/C4sWendunb6\/?utm_source=ig_embed&amp;utm_campaign=loading\" rel=\"noreferrer noopener\">UMA PUBLICA\u00c7\u00c3O COMPARTILHADA POR ESPIRITUALMENTE PODCAST (@ESPIRITUALMENTEPODCAST)<\/a><\/p>\n\n\n\n<p>Ver essa foto no Instagram<\/p>\n\n\n\n<p><a target=\"_blank\" href=\"https:\/\/www.instagram.com\/reel\/C4iC3pYu71_\/?utm_source=ig_embed&amp;utm_campaign=loading\" rel=\"noreferrer noopener\">UMA PUBLICA\u00c7\u00c3O COMPARTILHADA POR ESPIRITUALMENTE PODCAST (@ESPIRITUALMENTEPODCAST)<\/a><\/p>\n","protected":false},"excerpt":{"rendered":"<p>O pastor, te\u00f3logo e escritor Franklin Ferreira, doutor em Divindade pelo&nbsp;Puritan Reformed Theological Seminary&nbsp;e mestre em Teologia pelo Semin\u00e1rio Teol\u00f3gico Batista do Sul do Brasil, participou do \u201cPositivamente Podcast\u201d, onde abordou aspectos diferenciais na vis\u00e3o de mundo da Igreja e da esquerda pol\u00edtica. Ferreira explicou que a diferen\u00e7a central parte da compreens\u00e3o de como a [&hellip;]<\/p>\n","protected":false},"author":2,"featured_media":18776,"comment_status":"open","ping_status":"open","sticky":false,"template":"","format":"standard","meta":[],"categories":[19],"tags":[],"_links":{"self":[{"href":"https:\/\/dgospel.com.br\/portal\/index.php\/wp-json\/wp\/v2\/posts\/18775"}],"collection":[{"href":"https:\/\/dgospel.com.br\/portal\/index.php\/wp-json\/wp\/v2\/posts"}],"about":[{"href":"https:\/\/dgospel.com.br\/portal\/index.php\/wp-json\/wp\/v2\/types\/post"}],"author":[{"embeddable":true,"href":"https:\/\/dgospel.com.br\/portal\/index.php\/wp-json\/wp\/v2\/users\/2"}],"replies":[{"embeddable":true,"href":"https:\/\/dgospel.com.br\/portal\/index.php\/wp-json\/wp\/v2\/comments?post=18775"}],"version-history":[{"count":1,"href":"https:\/\/dgospel.com.br\/portal\/index.php\/wp-json\/wp\/v2\/posts\/18775\/revisions"}],"predecessor-version":[{"id":18777,"href":"https:\/\/dgospel.com.br\/portal\/index.php\/wp-json\/wp\/v2\/posts\/18775\/revisions\/18777"}],"wp:featuredmedia":[{"embeddable":true,"href":"https:\/\/dgospel.com.br\/portal\/index.php\/wp-json\/wp\/v2\/media\/18776"}],"wp:attachment":[{"href":"https:\/\/dgospel.com.br\/portal\/index.php\/wp-json\/wp\/v2\/media?parent=18775"}],"wp:term":[{"taxonomy":"category","embeddable":true,"href":"https:\/\/dgospel.com.br\/portal\/index.php\/wp-json\/wp\/v2\/categories?post=18775"},{"taxonomy":"post_tag","embeddable":true,"href":"https:\/\/dgospel.com.br\/portal\/index.php\/wp-json\/wp\/v2\/tags?post=18775"}],"curies":[{"name":"wp","href":"https:\/\/api.w.org\/{rel}","templated":true}]}}