{"id":18778,"date":"2024-03-21T13:27:56","date_gmt":"2024-03-21T16:27:56","guid":{"rendered":"https:\/\/dgospel.com.br\/portal\/?p=18778"},"modified":"2024-03-21T18:53:07","modified_gmt":"2024-03-21T21:53:07","slug":"wanderlei-barbosa-autoriza-pagamento-de-progressoes-de-2022-a-2023-para-cerca-de-15-mil-servidores-estaduais","status":"publish","type":"post","link":"https:\/\/dgospel.com.br\/portal\/index.php\/2024\/03\/21\/wanderlei-barbosa-autoriza-pagamento-de-progressoes-de-2022-a-2023-para-cerca-de-15-mil-servidores-estaduais\/","title":{"rendered":"Wanderlei Barbosa autoriza pagamento de progress\u00f5es de 2022 a 2023 para cerca de 15 mil servidores estaduais"},"content":{"rendered":"\n<p>O governador do Tocantins, Wanderlei Barbosa, autorizou o pagamento das progress\u00f5es funcionais referentes aos anos de 2022 e 2023. A Medida Provis\u00f3ria n\u00ba 8 beneficia cerca de 15 mil servidores estaduais e foi publicada na edi\u00e7\u00e3o desta quarta-feira, 20, do Di\u00e1rio Oficial do Estado (DOE).<\/p>\n\n\n\n<p>A partir de agora, a Secretaria de Estado da Administra\u00e7\u00e3o (Secad) dever\u00e1 publicar, at\u00e9 esta sexta-feira, 22, a lista com o nome dos servidores aptos para a evolu\u00e7\u00e3o, que pode ser horizontal ou vertical, conforme o per\u00edodo determinado.<\/p>\n\n\n\n<p>O governador Wanderlei Barbosa ressaltou a import\u00e2ncia da concess\u00e3o das progress\u00f5es como mais um ato da sua Gest\u00e3o de responsabilidade em cumprir os compromissos com os servidores p\u00fablicos estaduais. \u201cDesde que assumi o Governo, tenho trabalhado para fortalecer os nossos la\u00e7os com os servidores. Acredito que, ao implantarmos essas progress\u00f5es, estamos dando mais um passo nesse sentido. Hoje \u00e9 dia de celebrar os avan\u00e7os na garantia desses direitos\u201d, afirmou.<\/p>\n\n\n\n<p>As evolu\u00e7\u00f5es funcionais abrangem servidores de todos os quadros, incluindo o Geral, Pol\u00edcia Civil, Pol\u00edcia Penal, Pol\u00edcia Militar, Socioeducativo, Bombeiros, Ruraltins, Naturatins, Adapec, Sa\u00fade e Auditores Fiscais. Al\u00e9m das progress\u00f5es de 2022 e 2023, ser\u00e3o contemplados tamb\u00e9m servidores remanescentes da progress\u00e3o de 2021, que n\u00e3o apresentaram os requisitos \u00e0 \u00e9poca da publica\u00e7\u00e3o.<\/p>\n\n\n\n<p>Para o secret\u00e1rio de Estado da Administra\u00e7\u00e3o, Paulo C\u00e9sar Benfica Filho, as progress\u00f5es s\u00e3o um marco significativo no reconhecimento dos servidores p\u00fablicos do Estado. \u201cNossa meta \u00e9 garantir que os direitos dos servidores sejam plenamente respeitados, pois isso \u00e9 crucial para impulsionar o progresso do Tocantins\u201d, enfatizou.<\/p>\n\n\n\n<p>Paulo C\u00e9sar ainda destacou que essa medida reflete o compromisso do Governo do Tocantins em assegurar uma gest\u00e3o respons\u00e1vel e transparente, ao mesmo tempo em que busca promover a valoriza\u00e7\u00e3o e o reconhecimento cont\u00ednuo dos servidores p\u00fablicos.<\/p>\n\n\n\n<p><strong>Efeitos financeiros das Portarias<\/strong><\/p>\n\n\n\n<p>Dessa forma, nas publica\u00e7\u00f5es da pr\u00f3xima sexta-feira, 22, estar\u00e3o descritas as datas para o efeito financeiro das progress\u00f5es citadas. Progress\u00f5es para aptos de 2022 ter\u00e3o efeito financeiro a partir de maio de 2024 e, para os aptos de 2023, o efeito financeiro ser\u00e1 a partir de setembro deste ano.<\/p>\n\n\n\n<p>As portarias abrangem a evolu\u00e7\u00e3o funcional de quase 15 mil servidores em todos os quadros, com destaque para o quadro da sa\u00fade com 5.140 servidores beneficiados e quadro geral com 5.009 servidores beneficiados.<\/p>\n\n\n\n<p><img src=\"https:\/\/central.to.gov.br\/image\/369611?w=670&amp;h=383\"><\/p>\n\n\n\n<p>Para o secret\u00e1rio de Estado da Administra\u00e7\u00e3o, Paulo C\u00e9sar Benfica Filho, as progress\u00f5es s\u00e3o um marco significativo no reconhecimento dos servidores p\u00fablicos do Estado &#8211; Governo do Tocantins&nbsp;<\/p>\n\n\n\n<p><img src=\"https:\/\/central.to.gov.br\/image\/369610?w=670&amp;h=383\"><\/p>\n\n\n\n<p>\u201cDesde que assumi o Governo, tenho trabalhado para fortalecer os nossos la\u00e7os com os servidores. Acredito que, ao implantarmos essas progress\u00f5es, estamos dando mais um passo nesse sentido\u201d, afirmou o Governador &#8211; Governo do Tocantins&nbsp;<\/p>\n\n\n\n<p><img src=\"https:\/\/central.to.gov.br\/image\/369609?w=670&amp;h=383\"><\/p>\n\n\n\n<p>Medida Provis\u00f3ria n\u00ba 8 beneficia cerca de 15 mil servidores estaduais e foi publicada na edi\u00e7\u00e3o desta quarta-feira, 20, do Di\u00e1rio Oficial do Estado (DOE) &#8211; Governo do Tocantins&nbsp;<\/p>\n","protected":false},"excerpt":{"rendered":"<p>O governador do Tocantins, Wanderlei Barbosa, autorizou o pagamento das progress\u00f5es funcionais referentes aos anos de 2022 e 2023. A Medida Provis\u00f3ria n\u00ba 8 beneficia cerca de 15 mil servidores estaduais e foi publicada na edi\u00e7\u00e3o desta quarta-feira, 20, do Di\u00e1rio Oficial do Estado (DOE). A partir de agora, a Secretaria de Estado da Administra\u00e7\u00e3o [&hellip;]<\/p>\n","protected":false},"author":2,"featured_media":18779,"comment_status":"open","ping_status":"open","sticky":false,"template":"","format":"standard","meta":[],"categories":[3],"tags":[13],"_links":{"self":[{"href":"https:\/\/dgospel.com.br\/portal\/index.php\/wp-json\/wp\/v2\/posts\/18778"}],"collection":[{"href":"https:\/\/dgospel.com.br\/portal\/index.php\/wp-json\/wp\/v2\/posts"}],"about":[{"href":"https:\/\/dgospel.com.br\/portal\/index.php\/wp-json\/wp\/v2\/types\/post"}],"author":[{"embeddable":true,"href":"https:\/\/dgospel.com.br\/portal\/index.php\/wp-json\/wp\/v2\/users\/2"}],"replies":[{"embeddable":true,"href":"https:\/\/dgospel.com.br\/portal\/index.php\/wp-json\/wp\/v2\/comments?post=18778"}],"version-history":[{"count":2,"href":"https:\/\/dgospel.com.br\/portal\/index.php\/wp-json\/wp\/v2\/posts\/18778\/revisions"}],"predecessor-version":[{"id":18787,"href":"https:\/\/dgospel.com.br\/portal\/index.php\/wp-json\/wp\/v2\/posts\/18778\/revisions\/18787"}],"wp:featuredmedia":[{"embeddable":true,"href":"https:\/\/dgospel.com.br\/portal\/index.php\/wp-json\/wp\/v2\/media\/18779"}],"wp:attachment":[{"href":"https:\/\/dgospel.com.br\/portal\/index.php\/wp-json\/wp\/v2\/media?parent=18778"}],"wp:term":[{"taxonomy":"category","embeddable":true,"href":"https:\/\/dgospel.com.br\/portal\/index.php\/wp-json\/wp\/v2\/categories?post=18778"},{"taxonomy":"post_tag","embeddable":true,"href":"https:\/\/dgospel.com.br\/portal\/index.php\/wp-json\/wp\/v2\/tags?post=18778"}],"curies":[{"name":"wp","href":"https:\/\/api.w.org\/{rel}","templated":true}]}}