{"id":18781,"date":"2024-03-21T18:24:21","date_gmt":"2024-03-21T21:24:21","guid":{"rendered":"https:\/\/dgospel.com.br\/portal\/?p=18781"},"modified":"2024-03-21T18:24:22","modified_gmt":"2024-03-21T21:24:22","slug":"jovens-deixam-evento-de-lula-durante-discurso-do-presidente","status":"publish","type":"post","link":"https:\/\/dgospel.com.br\/portal\/index.php\/2024\/03\/21\/jovens-deixam-evento-de-lula-durante-discurso-do-presidente\/","title":{"rendered":"Jovens deixam evento de Lula durante discurso do presidente"},"content":{"rendered":"\n<p>Estudantes que participaram da cerim\u00f4nia de lan\u00e7amento do Plano Juventude Negra, nesta quinta-feira (21), deixaram o local ainda durante a fala do presidente Luiz In\u00e1cio Lula da Silva (PT). No in\u00edcio da declara\u00e7\u00e3o do chefe do Executivo, as arquibancadas estavam ocupadas por jovens; j\u00e1 ao t\u00e9rmino do discurso, havia diversas partes vazias.<\/p>\n\n\n\n<p>De acordo com o ministro da Secretaria-Geral da Presid\u00eancia da Rep\u00fablica, M\u00e1rcio Mac\u00eado, o esvaziamento se deu por causa de um atraso do evento. Segundo ele, os estudantes tinham hor\u00e1rio para retornar aos \u00f4nibus que os trouxeram.<\/p>\n\n\n\n<p>Apesar da avalia\u00e7\u00e3o do ministro, a participa\u00e7\u00e3o do presidente estava prevista para as 10h. A declara\u00e7\u00e3o do presidente teve in\u00edcio \u00e0s 10h55 e terminou \u00e0s 11h19. Normalmente, os eventos promovidos pelo governo federal t\u00eam uma faixa de atraso de cerca uma hora para o in\u00edcio das cerim\u00f4nias.<\/p>\n\n\n\n<p>O Plano Juventude Negra Viva traz a\u00e7\u00f5es transversais em 18 minist\u00e9rios para combate ao racismo e preserva\u00e7\u00e3o da vida da popula\u00e7\u00e3o negra. O plano inclui medidas que v\u00e3o desde a aquisi\u00e7\u00e3o de c\u00e2meras corporais para uso policial at\u00e9 programa de incentivo a cursinhos populares.<\/p>\n\n\n\n<p>Na cerim\u00f4nia, o presidente cobrou que o corpo de ministros divulgue as pol\u00edticas p\u00fablicas do governo federal, diante da queda da popularidade da gest\u00e3o nas pesquisas de opini\u00e3o. Ao ordenar que os chefes das pastas viagem pelo Brasil, Lula disse que, sem divulga\u00e7\u00e3o, os programas se mostram \u201cnatimortos\u201d.<\/p>\n\n\n\n<p>*AE<\/p>\n","protected":false},"excerpt":{"rendered":"<p>Estudantes que participaram da cerim\u00f4nia de lan\u00e7amento do Plano Juventude Negra, nesta quinta-feira (21), deixaram o local ainda durante a fala do presidente Luiz In\u00e1cio Lula da Silva (PT). No in\u00edcio da declara\u00e7\u00e3o do chefe do Executivo, as arquibancadas estavam ocupadas por jovens; j\u00e1 ao t\u00e9rmino do discurso, havia diversas partes vazias. De acordo com [&hellip;]<\/p>\n","protected":false},"author":2,"featured_media":18782,"comment_status":"open","ping_status":"open","sticky":false,"template":"","format":"standard","meta":[],"categories":[4],"tags":[],"_links":{"self":[{"href":"https:\/\/dgospel.com.br\/portal\/index.php\/wp-json\/wp\/v2\/posts\/18781"}],"collection":[{"href":"https:\/\/dgospel.com.br\/portal\/index.php\/wp-json\/wp\/v2\/posts"}],"about":[{"href":"https:\/\/dgospel.com.br\/portal\/index.php\/wp-json\/wp\/v2\/types\/post"}],"author":[{"embeddable":true,"href":"https:\/\/dgospel.com.br\/portal\/index.php\/wp-json\/wp\/v2\/users\/2"}],"replies":[{"embeddable":true,"href":"https:\/\/dgospel.com.br\/portal\/index.php\/wp-json\/wp\/v2\/comments?post=18781"}],"version-history":[{"count":1,"href":"https:\/\/dgospel.com.br\/portal\/index.php\/wp-json\/wp\/v2\/posts\/18781\/revisions"}],"predecessor-version":[{"id":18783,"href":"https:\/\/dgospel.com.br\/portal\/index.php\/wp-json\/wp\/v2\/posts\/18781\/revisions\/18783"}],"wp:featuredmedia":[{"embeddable":true,"href":"https:\/\/dgospel.com.br\/portal\/index.php\/wp-json\/wp\/v2\/media\/18782"}],"wp:attachment":[{"href":"https:\/\/dgospel.com.br\/portal\/index.php\/wp-json\/wp\/v2\/media?parent=18781"}],"wp:term":[{"taxonomy":"category","embeddable":true,"href":"https:\/\/dgospel.com.br\/portal\/index.php\/wp-json\/wp\/v2\/categories?post=18781"},{"taxonomy":"post_tag","embeddable":true,"href":"https:\/\/dgospel.com.br\/portal\/index.php\/wp-json\/wp\/v2\/tags?post=18781"}],"curies":[{"name":"wp","href":"https:\/\/api.w.org\/{rel}","templated":true}]}}