{"id":18784,"date":"2024-03-21T18:28:32","date_gmt":"2024-03-21T21:28:32","guid":{"rendered":"https:\/\/dgospel.com.br\/portal\/?p=18784"},"modified":"2024-03-21T18:28:33","modified_gmt":"2024-03-21T21:28:33","slug":"governo-lula-impos-100-anos-de-sigilo-a-1-339-documentos","status":"publish","type":"post","link":"https:\/\/dgospel.com.br\/portal\/index.php\/2024\/03\/21\/governo-lula-impos-100-anos-de-sigilo-a-1-339-documentos\/","title":{"rendered":"Governo Lula imp\u00f4s 100 anos de sigilo a 1.339 documentos"},"content":{"rendered":"\n<p>A gest\u00e3o do presidente Luiz In\u00e1cio Lula da Silva (PT) imp\u00f4s, em 2023, sigilo de 100 anos a 1.339 pedidos de informa\u00e7\u00f5es. Entre os documentos confidenciais est\u00e3o a agenda da primeira-dama, Janja da Silva, e a lista dos integrantes do Batalh\u00e3o de Guarda Presidencial que trabalhavam na Pra\u00e7a dos Tr\u00eas Poderes no dia 8 de janeiro. As informa\u00e7\u00f5es s\u00e3o do jornal O Estado de S\u00e3o Paulo e do Datafixers.org.<\/p>\n\n\n\n<p>Para justificar a decis\u00e3o de negar o acesso aos conte\u00fados, o governo afirmou que o material cont\u00e9m dados pessoais.<\/p>\n\n\n\n<p>Durante sua campanha em 2022, Lula defendeu derrubar os sigilos declarados pelo at\u00e9 ent\u00e3o presidente Jair Bolsonaro (PL). \u00c0 \u00e9poca, o petista criticou o advers\u00e1rio pol\u00edtico, afirmando que ele estaria utilizando o dispositivo para \u201cproteger amigos\u201d.<\/p>\n\n\n\n<p>\u2013 Qualquer pessoa podia saber o que acontecia no nosso governo. Agora, o Bolsonaro, n\u00e3o. O Bolsonaro dizia que n\u00e3o tem corrup\u00e7\u00e3o, mas decreta sigilo de 100 anos para qualquer den\u00fancia contra ele. Decreta sigilo de 100 anos para o filho, para os amigos, para o Pazuello. Nada dele \u00e9 investigado. Toma aqui 100 anos, para quando ele n\u00e3o existir mais \u2013 disparou em junho de 2022.<\/p>\n\n\n\n<p>Contudo, em seu primeiro ano do novo mandato, o governo Lula adotou o recurso mais vezes que o antecessor. Em compara\u00e7\u00e3o ao ano de 2022, foram sete epis\u00f3dios a mais.<\/p>\n\n\n\n<p>Questionada, a Controladoria-Geral da Uni\u00e3o (CGU) afirmou que a gest\u00e3o Bolsonaro utilizava o sigilo centen\u00e1rio indevidamente. O \u00f3rg\u00e3o ainda defendeu que o recurso deve ser adotado em alguns casos. Por fim, tamb\u00e9m afirmou que, levando em conta a quantidade de pedidos de acesso \u00e0s informa\u00e7\u00f5es, houve uma queda de 15% no uso do sigilo.<\/p>\n\n\n\n<p>Al\u00e9m dos dois casos citados anteriormente, os documentos confidenciais tamb\u00e9m incluem a ficha militar do ex-ajudante de ordens de Bolsonaro, Mauro Cid; comunica\u00e7\u00f5es diplom\u00e1ticas que envolvam o ex-jogador de futebol Robinho, emails de ex-servidores, e dados sobre a disputa de territ\u00f3rios ind\u00edgenas.<\/p>\n","protected":false},"excerpt":{"rendered":"<p>A gest\u00e3o do presidente Luiz In\u00e1cio Lula da Silva (PT) imp\u00f4s, em 2023, sigilo de 100 anos a 1.339 pedidos de informa\u00e7\u00f5es. Entre os documentos confidenciais est\u00e3o a agenda da primeira-dama, Janja da Silva, e a lista dos integrantes do Batalh\u00e3o de Guarda Presidencial que trabalhavam na Pra\u00e7a dos Tr\u00eas Poderes no dia 8 de [&hellip;]<\/p>\n","protected":false},"author":2,"featured_media":18785,"comment_status":"open","ping_status":"open","sticky":false,"template":"","format":"standard","meta":[],"categories":[10],"tags":[],"_links":{"self":[{"href":"https:\/\/dgospel.com.br\/portal\/index.php\/wp-json\/wp\/v2\/posts\/18784"}],"collection":[{"href":"https:\/\/dgospel.com.br\/portal\/index.php\/wp-json\/wp\/v2\/posts"}],"about":[{"href":"https:\/\/dgospel.com.br\/portal\/index.php\/wp-json\/wp\/v2\/types\/post"}],"author":[{"embeddable":true,"href":"https:\/\/dgospel.com.br\/portal\/index.php\/wp-json\/wp\/v2\/users\/2"}],"replies":[{"embeddable":true,"href":"https:\/\/dgospel.com.br\/portal\/index.php\/wp-json\/wp\/v2\/comments?post=18784"}],"version-history":[{"count":1,"href":"https:\/\/dgospel.com.br\/portal\/index.php\/wp-json\/wp\/v2\/posts\/18784\/revisions"}],"predecessor-version":[{"id":18786,"href":"https:\/\/dgospel.com.br\/portal\/index.php\/wp-json\/wp\/v2\/posts\/18784\/revisions\/18786"}],"wp:featuredmedia":[{"embeddable":true,"href":"https:\/\/dgospel.com.br\/portal\/index.php\/wp-json\/wp\/v2\/media\/18785"}],"wp:attachment":[{"href":"https:\/\/dgospel.com.br\/portal\/index.php\/wp-json\/wp\/v2\/media?parent=18784"}],"wp:term":[{"taxonomy":"category","embeddable":true,"href":"https:\/\/dgospel.com.br\/portal\/index.php\/wp-json\/wp\/v2\/categories?post=18784"},{"taxonomy":"post_tag","embeddable":true,"href":"https:\/\/dgospel.com.br\/portal\/index.php\/wp-json\/wp\/v2\/tags?post=18784"}],"curies":[{"name":"wp","href":"https:\/\/api.w.org\/{rel}","templated":true}]}}