{"id":1879,"date":"2018-11-19T10:46:19","date_gmt":"2018-11-19T12:46:19","guid":{"rendered":"http:\/\/dgospel.com.br\/portal\/?p=1879"},"modified":"2018-11-19T10:46:19","modified_gmt":"2018-11-19T12:46:19","slug":"homem-provoca-acidente-faz-disparos-e-preso-dentro-de-igreja","status":"publish","type":"post","link":"https:\/\/dgospel.com.br\/portal\/index.php\/2018\/11\/19\/homem-provoca-acidente-faz-disparos-e-preso-dentro-de-igreja\/","title":{"rendered":"Homem provoca acidente, faz disparos \u00e9 preso dentro de igreja"},"content":{"rendered":"<p class=\"content-textcontainer\" style=\"margin: 0cm; margin-bottom: .0001pt; background: white; vertical-align: baseline;\"><span style=\"font-family: 'Arial','sans-serif'; color: #333333;\">Um homem, de 22 anos, foi preso em uma igreja na noite deste s\u00e1bado (18) em Aragua\u00edna, regi\u00e3o norte do Tocantins. Conforme a Pol\u00edcia Militar, o rapaz havia se envolvido em uma colis\u00e3o frontal com um \u00f4nibus, ningu\u00e9m ficou ferido. Em seguida saiu andando do ve\u00edculo e foi at\u00e9 uma igreja no setor Vila Norte, onde fez disparos pelo alto.<\/span><\/p>\n<p class=\"content-textcontainer\" style=\"margin: 0cm; margin-bottom: .0001pt; background: white; vertical-align: baseline; box-sizing: inherit;\" data-track-category=\"Link no Texto\" data-track-links=\"\"><span style=\"font-family: 'Arial','sans-serif'; color: #333333;\">De acordo com a pol\u00edcia, depois dos disparos ele entrou normalmente no templo e sentou-se entre os fi\u00e9is, na ocasi\u00e3o ocorria uma culto. Momentos depois o local foi cercado pela Pol\u00edcia Militar, ao perceber a movimenta\u00e7\u00e3o da pol\u00edcia, o rapaz tentou fugir pela porta de tr\u00e1s, onde foi capturado pelos policiais.<\/span><\/p>\n<p class=\"content-textcontainer\" style=\"margin: 0cm; margin-bottom: .0001pt; background: white; vertical-align: baseline; box-sizing: inherit;\" data-track-category=\"Link no Texto\" data-track-links=\"\"><span style=\"font-family: 'Arial','sans-serif'; color: #333333;\">Conforme a PM, com o rapaz foi apreendido uma arma de fogo, carregada com 13 muni\u00e7\u00f5es. A pol\u00edcia afirma que o rapaz estava sob efeito de drogas. Ele foi preso e levado para o DP de Plant\u00e3o, onde foi autuado por porte ilegal de arma. O homem j\u00e1 possui passagem por porte ilegal de arma de fogo.<\/span><\/p>\n<p data-track-category=\"Link no Texto\" data-track-links=\"\">Fonte:\u00a0G1 Tocantins<\/p>\n","protected":false},"excerpt":{"rendered":"<p>Um homem, de 22 anos, foi preso em uma igreja na noite deste s\u00e1bado (18) em Aragua\u00edna, regi\u00e3o norte do Tocantins. Conforme a Pol\u00edcia Militar, o rapaz havia se envolvido em uma colis\u00e3o frontal com um \u00f4nibus, ningu\u00e9m ficou ferido. Em seguida saiu andando do ve\u00edculo e foi at\u00e9 uma igreja no setor Vila Norte, [&hellip;]<\/p>\n","protected":false},"author":2,"featured_media":1880,"comment_status":"open","ping_status":"open","sticky":false,"template":"","format":"standard","meta":[],"categories":[2,3],"tags":[],"_links":{"self":[{"href":"https:\/\/dgospel.com.br\/portal\/index.php\/wp-json\/wp\/v2\/posts\/1879"}],"collection":[{"href":"https:\/\/dgospel.com.br\/portal\/index.php\/wp-json\/wp\/v2\/posts"}],"about":[{"href":"https:\/\/dgospel.com.br\/portal\/index.php\/wp-json\/wp\/v2\/types\/post"}],"author":[{"embeddable":true,"href":"https:\/\/dgospel.com.br\/portal\/index.php\/wp-json\/wp\/v2\/users\/2"}],"replies":[{"embeddable":true,"href":"https:\/\/dgospel.com.br\/portal\/index.php\/wp-json\/wp\/v2\/comments?post=1879"}],"version-history":[{"count":1,"href":"https:\/\/dgospel.com.br\/portal\/index.php\/wp-json\/wp\/v2\/posts\/1879\/revisions"}],"predecessor-version":[{"id":1881,"href":"https:\/\/dgospel.com.br\/portal\/index.php\/wp-json\/wp\/v2\/posts\/1879\/revisions\/1881"}],"wp:featuredmedia":[{"embeddable":true,"href":"https:\/\/dgospel.com.br\/portal\/index.php\/wp-json\/wp\/v2\/media\/1880"}],"wp:attachment":[{"href":"https:\/\/dgospel.com.br\/portal\/index.php\/wp-json\/wp\/v2\/media?parent=1879"}],"wp:term":[{"taxonomy":"category","embeddable":true,"href":"https:\/\/dgospel.com.br\/portal\/index.php\/wp-json\/wp\/v2\/categories?post=1879"},{"taxonomy":"post_tag","embeddable":true,"href":"https:\/\/dgospel.com.br\/portal\/index.php\/wp-json\/wp\/v2\/tags?post=1879"}],"curies":[{"name":"wp","href":"https:\/\/api.w.org\/{rel}","templated":true}]}}