{"id":18799,"date":"2024-03-22T23:57:23","date_gmt":"2024-03-23T02:57:23","guid":{"rendered":"https:\/\/dgospel.com.br\/portal\/?p=18799"},"modified":"2024-03-22T23:57:25","modified_gmt":"2024-03-23T02:57:25","slug":"ibge-pela-1a-vez-brasil-descumpre-meta-de-criancas-na-escola","status":"publish","type":"post","link":"https:\/\/dgospel.com.br\/portal\/index.php\/2024\/03\/22\/ibge-pela-1a-vez-brasil-descumpre-meta-de-criancas-na-escola\/","title":{"rendered":"IBGE: Pela 1\u00aa vez, Brasil descumpre meta de crian\u00e7as na escola"},"content":{"rendered":"\n<p>O Instituto Brasileiro de Geografia e Estat\u00edstica (IBGE) informou, nesta sexta-feira (22), que pela primeira vez em oito anos o Brasil n\u00e3o alcan\u00e7ou a meta de ter 95% de suas crian\u00e7as e adolescentes (de 6 a 14 anos) no ensino fundamental.<\/p>\n\n\n\n<p>Segundo o levantamento, o \u00edndice ficou em 94,6% em 2023, o menor n\u00famero desde o in\u00edcio da s\u00e9rie hist\u00f3rica da Pnad (Pesquisa Nacional por Amostra de Domic\u00edlios Cont\u00ednua) Educa\u00e7\u00e3o, em 2016.<\/p>\n\n\n\n<p>\u2013 A an\u00e1lise da s\u00e9rie desse indicador mostra que sua estimativa registrava percentual superior a 95% de 2016 at\u00e9 2022, entretanto, com essa retra\u00e7\u00e3o ao menor n\u00edvel da s\u00e9rie (em 2023), o indicador passou a ficar abaixo da meta preconizada pelo PNE [Plano Nacional de Educa\u00e7\u00e3o] \u2013 afirma o relat\u00f3rio.<\/p>\n\n\n\n<p>Em 2022, ano anterior da pesquisa mais recente, o \u00edndice estava em 95,2%. O maior indicador j\u00e1 registrado foi de 97,4%, no ano de 2018.<\/p>\n\n\n\n<p>Este ano, as regi\u00f5es Sul e Centro-Oeste apresentaram o menor percentual, ambas com 94,2%. No Nordeste, o n\u00famero chega a 94,5%, no Norte, 94,8%, e no Sudeste, 94,9%.<\/p>\n\n\n\n<p>A taxa de analfabetismo, por outro lado, apresentou seu menor n\u00edvel: 5,4%. A regi\u00e3o que mais sofre com o problema \u00e9 a Nordeste, em que 11,2% da popula\u00e7\u00e3o acima dos 15 anos n\u00e3o \u00e9 letrada. No Norte, o \u00edndice \u00e9 de 6,4%, no Centro-Oeste, 3,7%, no Sudeste, 2,9% e no Sul, 2,8%.<\/p>\n","protected":false},"excerpt":{"rendered":"<p>O Instituto Brasileiro de Geografia e Estat\u00edstica (IBGE) informou, nesta sexta-feira (22), que pela primeira vez em oito anos o Brasil n\u00e3o alcan\u00e7ou a meta de ter 95% de suas crian\u00e7as e adolescentes (de 6 a 14 anos) no ensino fundamental. Segundo o levantamento, o \u00edndice ficou em 94,6% em 2023, o menor n\u00famero desde [&hellip;]<\/p>\n","protected":false},"author":2,"featured_media":18800,"comment_status":"open","ping_status":"open","sticky":false,"template":"","format":"standard","meta":[],"categories":[10],"tags":[],"_links":{"self":[{"href":"https:\/\/dgospel.com.br\/portal\/index.php\/wp-json\/wp\/v2\/posts\/18799"}],"collection":[{"href":"https:\/\/dgospel.com.br\/portal\/index.php\/wp-json\/wp\/v2\/posts"}],"about":[{"href":"https:\/\/dgospel.com.br\/portal\/index.php\/wp-json\/wp\/v2\/types\/post"}],"author":[{"embeddable":true,"href":"https:\/\/dgospel.com.br\/portal\/index.php\/wp-json\/wp\/v2\/users\/2"}],"replies":[{"embeddable":true,"href":"https:\/\/dgospel.com.br\/portal\/index.php\/wp-json\/wp\/v2\/comments?post=18799"}],"version-history":[{"count":1,"href":"https:\/\/dgospel.com.br\/portal\/index.php\/wp-json\/wp\/v2\/posts\/18799\/revisions"}],"predecessor-version":[{"id":18801,"href":"https:\/\/dgospel.com.br\/portal\/index.php\/wp-json\/wp\/v2\/posts\/18799\/revisions\/18801"}],"wp:featuredmedia":[{"embeddable":true,"href":"https:\/\/dgospel.com.br\/portal\/index.php\/wp-json\/wp\/v2\/media\/18800"}],"wp:attachment":[{"href":"https:\/\/dgospel.com.br\/portal\/index.php\/wp-json\/wp\/v2\/media?parent=18799"}],"wp:term":[{"taxonomy":"category","embeddable":true,"href":"https:\/\/dgospel.com.br\/portal\/index.php\/wp-json\/wp\/v2\/categories?post=18799"},{"taxonomy":"post_tag","embeddable":true,"href":"https:\/\/dgospel.com.br\/portal\/index.php\/wp-json\/wp\/v2\/tags?post=18799"}],"curies":[{"name":"wp","href":"https:\/\/api.w.org\/{rel}","templated":true}]}}