{"id":188,"date":"2018-05-16T09:38:24","date_gmt":"2018-05-16T12:38:24","guid":{"rendered":"http:\/\/dgospel.com.br\/portal\/?p=188"},"modified":"2018-05-16T09:38:24","modified_gmt":"2018-05-16T12:38:24","slug":"vereador-filipe-martins-reforca-pedido-de-semaforo-onde-jovem-morreu-atropelado","status":"publish","type":"post","link":"https:\/\/dgospel.com.br\/portal\/index.php\/2018\/05\/16\/vereador-filipe-martins-reforca-pedido-de-semaforo-onde-jovem-morreu-atropelado\/","title":{"rendered":"Vereador Filipe Martins refor\u00e7a pedido de sem\u00e1foro onde jovem morreu atropelado"},"content":{"rendered":"<p class=\"yiv8968386005MsoNormal\">Na manh\u00e3 desta ter\u00e7a-feira (15), o vereador Filipe Martins (PSC) refor\u00e7ou o pedido de instala\u00e7\u00e3o de sem\u00e1foro no cruzamento da LO 29 com a Avenida Teot\u00f4nio Segurado, pr\u00f3ximo da esta\u00e7\u00e3o Krah\u00f4. Na tribuna da C\u00e2mara de Palmas, ele fez um apelo para que o requerimento de sua autoria seja atendido, evitando\u00a0que novas mortes aconte\u00e7am.<\/p>\n<p class=\"yiv8968386005MsoNormal\">Martins ainda lamentou\u00a0mais um\u00a0<a href=\"https:\/\/g1.globo.com\/to\/tocantins\/noticia\/mulher-morre-apos-colisao-entre-carro-e-motocicleta-em-cruzamento-de-palmas.ghtml\" target=\"_blank\" rel=\"nofollow noopener\">acidente<\/a>\u00a0que aconteceu no local, dessa vez, ocorrido no \u00faltimo dia 11 de maio, quando um jovem de 19 anos morreu ap\u00f3s uma batida entre um carro e uma motocicleta.<\/p>\n<p class=\"yiv8968386005MsoNormal\">\u201cTemos um \u00edndice alarmante de acidentes nesse local, chegando de tr\u00eas a quatro acidentes por semana, conforme reclama\u00e7\u00f5es da comunidade que reside nas proximidades. N\u00e3o vamos ficar de bra\u00e7os cruzados vendo fam\u00edlias chorarem pelos seus filhos, familiares. Precisamos desse sem\u00e1foro com urg\u00eancia\u201d, disse.<\/p>\n<p class=\"yiv8968386005MsoNormal\">Na ocasi\u00e3o, Filipe Martins tamb\u00e9m falou sobre sobre a import\u00e2ncia da educa\u00e7\u00e3o no tr\u00e2nsito, j\u00e1 que a imprud\u00eancia tamb\u00e9m \u00e9 uma das causas de muitos acidentes. Preocupado com os altos \u00edndices, ele defende a implanta\u00e7\u00e3o de \u201cBlitz Educativa\u201d para conscientizar os condutores. O projeto tamb\u00e9m alcan\u00e7aria alunos de escolas do munic\u00edpio de Palmas e depende da aprova\u00e7\u00e3o do Poder Municipal.<\/p>\n<p class=\"yiv8968386005MsoNormal\"><b>Peti\u00e7\u00e3o P\u00fablica<\/b><\/p>\n<p class=\"yiv8968386005MsoNormal\"><span style=\"color: #000000; font-family: 'Open Sans', serif;\">Uma peti\u00e7\u00e3o p\u00fablica tamb\u00e9m est\u00e1 sendo feita atrav\u00e9s da\u00a0Internet\u00a0no site:\u00a0<a href=\"http:\/\/www.peticaopublica.com.br\/\" target=\"_blank\" rel=\"nofollow noopener\">www.peticaopublica.com.br<\/a>. Direcionada ao presidente da C\u00e2mara de Palmas Folha Filho e \u00e0 prefeita Cinthia Ribeiro, a peti\u00e7\u00e3o em car\u00e1ter de urg\u00eancia, pede a instala\u00e7\u00e3o\u00a0 do sem\u00e1foro\u00a0no mesmo local.\u00a0<\/span><\/p>\n","protected":false},"excerpt":{"rendered":"<p>Na manh\u00e3 desta ter\u00e7a-feira (15), o vereador Filipe Martins (PSC) refor\u00e7ou o pedido de instala\u00e7\u00e3o de sem\u00e1foro no cruzamento da LO 29 com a Avenida Teot\u00f4nio Segurado, pr\u00f3ximo da esta\u00e7\u00e3o Krah\u00f4. Na tribuna da C\u00e2mara de Palmas, ele fez um apelo para que o requerimento de sua autoria seja atendido, evitando\u00a0que novas mortes aconte\u00e7am. Martins [&hellip;]<\/p>\n","protected":false},"author":2,"featured_media":189,"comment_status":"open","ping_status":"open","sticky":false,"template":"","format":"standard","meta":[],"categories":[8],"tags":[],"_links":{"self":[{"href":"https:\/\/dgospel.com.br\/portal\/index.php\/wp-json\/wp\/v2\/posts\/188"}],"collection":[{"href":"https:\/\/dgospel.com.br\/portal\/index.php\/wp-json\/wp\/v2\/posts"}],"about":[{"href":"https:\/\/dgospel.com.br\/portal\/index.php\/wp-json\/wp\/v2\/types\/post"}],"author":[{"embeddable":true,"href":"https:\/\/dgospel.com.br\/portal\/index.php\/wp-json\/wp\/v2\/users\/2"}],"replies":[{"embeddable":true,"href":"https:\/\/dgospel.com.br\/portal\/index.php\/wp-json\/wp\/v2\/comments?post=188"}],"version-history":[{"count":1,"href":"https:\/\/dgospel.com.br\/portal\/index.php\/wp-json\/wp\/v2\/posts\/188\/revisions"}],"predecessor-version":[{"id":190,"href":"https:\/\/dgospel.com.br\/portal\/index.php\/wp-json\/wp\/v2\/posts\/188\/revisions\/190"}],"wp:featuredmedia":[{"embeddable":true,"href":"https:\/\/dgospel.com.br\/portal\/index.php\/wp-json\/wp\/v2\/media\/189"}],"wp:attachment":[{"href":"https:\/\/dgospel.com.br\/portal\/index.php\/wp-json\/wp\/v2\/media?parent=188"}],"wp:term":[{"taxonomy":"category","embeddable":true,"href":"https:\/\/dgospel.com.br\/portal\/index.php\/wp-json\/wp\/v2\/categories?post=188"},{"taxonomy":"post_tag","embeddable":true,"href":"https:\/\/dgospel.com.br\/portal\/index.php\/wp-json\/wp\/v2\/tags?post=188"}],"curies":[{"name":"wp","href":"https:\/\/api.w.org\/{rel}","templated":true}]}}