{"id":18802,"date":"2024-03-23T17:22:43","date_gmt":"2024-03-23T20:22:43","guid":{"rendered":"https:\/\/dgospel.com.br\/portal\/?p=18802"},"modified":"2024-03-23T17:22:44","modified_gmt":"2024-03-23T20:22:44","slug":"pr-gilberto-marques-de-souza-presidente-da-comieadepa-morre-aos-81-anos","status":"publish","type":"post","link":"https:\/\/dgospel.com.br\/portal\/index.php\/2024\/03\/23\/pr-gilberto-marques-de-souza-presidente-da-comieadepa-morre-aos-81-anos\/","title":{"rendered":"Pr. Gilberto Marques de Souza presidente da Comieadepa morre aos\u00a081 anos"},"content":{"rendered":"\n<p>Faleceu na noite desta sexta-feira (22), aos 81 anos, o pastor Gilberto Marques de Souza, presidente da&nbsp;<em>Conven\u00e7\u00e3o de Ministros e Igrejas Evang\u00e9licas das Assembleias de Deus do Par\u00e1 (Comieadepa).<\/em><\/p>\n\n\n\n<p>O l\u00edder religioso deu entrada em um hospital particular de Bel\u00e9m, na \u00faltima quinta (21), com quadro de pneumonia. Precisou ser sedado e internado na Unidade de Tratamento Intensivo, onde apresentou uma leve melhora, mas acabou n\u00e3o resistindo.<\/p>\n\n\n\n<p>Al\u00e9m de presidir a Conven\u00e7\u00e3o Paraense h\u00e1 mais de 30 anos, pastor Gilberto tamb\u00e9m era membro da Mesa Diretora da&nbsp;<em>Conven\u00e7\u00e3o Geral dos Ministros das Igrejas Evang\u00e9licas Assembleias de Deus no Brasil (CGADB)<\/em>, ocupando na atual gest\u00e3o 2021-2025 o cargo de primeiro vice-presidente, cooperando ativamente junto ao pastor Jos\u00e9 Wellington Costa J\u00fanior e toda diretoria.<\/p>\n\n\n\n<p>Pastor Gilberto deixa vi\u00fava a irm\u00e3 Maria Alice Morais de Souza, primeira vice-presidente da&nbsp;<em>Uni\u00e3o Nacional das Esposas de Ministros das Assembleias de Deus (UNEMAD).<\/em><\/p>\n\n\n\n<p>Em outubro de 2020, o rep\u00f3rter Jorge de Andrade entrevistou o pastor Gilberto Marques para o programa\u00a0<em>\u201cCGADB na TV\u201d,<\/em>\u00a0da\u00a0<em><a href=\"https:\/\/youtube.com\/@TVCPAD\">TV CPAD<\/a>,<\/em>\u00a0onde o l\u00edder compartilhou sobre sua convers\u00e3o e experi\u00eancias com Deus durante sua trajet\u00f3ria.\u00a0<\/p>\n\n\n\n<p><strong>Assista abaixo a entrevista completa:<\/strong><\/p>\n\n\n\n<figure class=\"wp-block-embed is-type-video is-provider-youtube wp-block-embed-youtube wp-embed-aspect-16-9 wp-has-aspect-ratio\"><div class=\"wp-block-embed__wrapper\">\n<iframe loading=\"lazy\" title=\"CGADB na TV PGM 51 - Entrevista com o pastor Gilberto Marques.\" width=\"630\" height=\"354\" src=\"https:\/\/www.youtube.com\/embed\/40j5Dylq_V4?feature=oembed\" frameborder=\"0\" allow=\"accelerometer; autoplay; clipboard-write; encrypted-media; gyroscope; picture-in-picture; web-share\" allowfullscreen><\/iframe>\n<\/div><\/figure>\n","protected":false},"excerpt":{"rendered":"<p>Faleceu na noite desta sexta-feira (22), aos 81 anos, o pastor Gilberto Marques de Souza, presidente da&nbsp;Conven\u00e7\u00e3o de Ministros e Igrejas Evang\u00e9licas das Assembleias de Deus do Par\u00e1 (Comieadepa). O l\u00edder religioso deu entrada em um hospital particular de Bel\u00e9m, na \u00faltima quinta (21), com quadro de pneumonia. Precisou ser sedado e internado na Unidade [&hellip;]<\/p>\n","protected":false},"author":2,"featured_media":18803,"comment_status":"open","ping_status":"open","sticky":false,"template":"","format":"standard","meta":[],"categories":[5],"tags":[],"_links":{"self":[{"href":"https:\/\/dgospel.com.br\/portal\/index.php\/wp-json\/wp\/v2\/posts\/18802"}],"collection":[{"href":"https:\/\/dgospel.com.br\/portal\/index.php\/wp-json\/wp\/v2\/posts"}],"about":[{"href":"https:\/\/dgospel.com.br\/portal\/index.php\/wp-json\/wp\/v2\/types\/post"}],"author":[{"embeddable":true,"href":"https:\/\/dgospel.com.br\/portal\/index.php\/wp-json\/wp\/v2\/users\/2"}],"replies":[{"embeddable":true,"href":"https:\/\/dgospel.com.br\/portal\/index.php\/wp-json\/wp\/v2\/comments?post=18802"}],"version-history":[{"count":1,"href":"https:\/\/dgospel.com.br\/portal\/index.php\/wp-json\/wp\/v2\/posts\/18802\/revisions"}],"predecessor-version":[{"id":18804,"href":"https:\/\/dgospel.com.br\/portal\/index.php\/wp-json\/wp\/v2\/posts\/18802\/revisions\/18804"}],"wp:featuredmedia":[{"embeddable":true,"href":"https:\/\/dgospel.com.br\/portal\/index.php\/wp-json\/wp\/v2\/media\/18803"}],"wp:attachment":[{"href":"https:\/\/dgospel.com.br\/portal\/index.php\/wp-json\/wp\/v2\/media?parent=18802"}],"wp:term":[{"taxonomy":"category","embeddable":true,"href":"https:\/\/dgospel.com.br\/portal\/index.php\/wp-json\/wp\/v2\/categories?post=18802"},{"taxonomy":"post_tag","embeddable":true,"href":"https:\/\/dgospel.com.br\/portal\/index.php\/wp-json\/wp\/v2\/tags?post=18802"}],"curies":[{"name":"wp","href":"https:\/\/api.w.org\/{rel}","templated":true}]}}