{"id":18805,"date":"2024-03-26T11:12:37","date_gmt":"2024-03-26T14:12:37","guid":{"rendered":"https:\/\/dgospel.com.br\/portal\/?p=18805"},"modified":"2024-03-26T11:12:38","modified_gmt":"2024-03-26T14:12:38","slug":"area-queimada-no-brasil-no-mes-de-fevereiro-sobe-410-em-2024","status":"publish","type":"post","link":"https:\/\/dgospel.com.br\/portal\/index.php\/2024\/03\/26\/area-queimada-no-brasil-no-mes-de-fevereiro-sobe-410-em-2024\/","title":{"rendered":"\u00c1rea queimada no Brasil no m\u00eas de fevereiro sobe 410% em 2024"},"content":{"rendered":"\n<p>Dados do Monitor do Fogo, uma iniciativa da rede MapBiomas Fogo, coordenada pelo Instituto de Pesquisa Ambiental da Amaz\u00f4nia (Ipam), apontaram que a \u00e1rea queimada no&nbsp;<a href=\"http:\/\/pleno.news\/tag\/brasil\" target=\"_blank\" rel=\"noreferrer noopener\">Brasil<\/a>&nbsp;em fevereiro deste ano atingiu a marca de 950,3 mil hectares, n\u00famero 410% maior que o registrado no mesmo m\u00eas do ano passado, quando o \u00edndice ficou em 186,2 mil hectares.<\/p>\n\n\n\n<p>Na an\u00e1lise por biomas, a\u00a0<a rel=\"noreferrer noopener\" href=\"http:\/\/pleno.news\/tag\/amazonia\" target=\"_blank\">Amaz\u00f4nia<\/a>\u00a0ficou no topo da lista, com 898,6 mil hectares de \u00e1rea queimada em fevereiro. Apenas no primeiro bimestre de 2024, o trecho devastado da Amaz\u00f4nia alcan\u00e7ou 1,8 milh\u00e3o de hectares, uma alta de 433% ante o mesmo per\u00edodo do ano passado.<\/p>\n\n\n\n<p>De acordo com os n\u00fameros do monitoramento, em rela\u00e7\u00e3o ao total nacional das queimadas em fevereiro, 79% atingiram \u00e1reas de vegeta\u00e7\u00e3o nativa, como a Amaz\u00f4nia e o Cerrado, somando 750 mil hectares. A \u00e1rea queimada em 2024 em todo o Brasil j\u00e1 chega a 1,98 milh\u00e3o de hectares, 319% a mais do que nos dois primeiros meses de 2023.<\/p>\n\n\n\n<p>Al\u00e9m da Amaz\u00f4nia, o avan\u00e7o das queimadas tamb\u00e9m foi acentuado no Cerrado, com um aumento de 152% no primeiro bimestre do ano, atingindo uma \u00e1rea de 61 mil hectares. Em fevereiro, foram mais de 29,6 mil hectares, um acr\u00e9scimo de 147% ante o mesmo m\u00eas em 2023.<\/p>\n","protected":false},"excerpt":{"rendered":"<p>Dados do Monitor do Fogo, uma iniciativa da rede MapBiomas Fogo, coordenada pelo Instituto de Pesquisa Ambiental da Amaz\u00f4nia (Ipam), apontaram que a \u00e1rea queimada no&nbsp;Brasil&nbsp;em fevereiro deste ano atingiu a marca de 950,3 mil hectares, n\u00famero 410% maior que o registrado no mesmo m\u00eas do ano passado, quando o \u00edndice ficou em 186,2 mil [&hellip;]<\/p>\n","protected":false},"author":2,"featured_media":18806,"comment_status":"open","ping_status":"open","sticky":false,"template":"","format":"standard","meta":[],"categories":[10],"tags":[],"_links":{"self":[{"href":"https:\/\/dgospel.com.br\/portal\/index.php\/wp-json\/wp\/v2\/posts\/18805"}],"collection":[{"href":"https:\/\/dgospel.com.br\/portal\/index.php\/wp-json\/wp\/v2\/posts"}],"about":[{"href":"https:\/\/dgospel.com.br\/portal\/index.php\/wp-json\/wp\/v2\/types\/post"}],"author":[{"embeddable":true,"href":"https:\/\/dgospel.com.br\/portal\/index.php\/wp-json\/wp\/v2\/users\/2"}],"replies":[{"embeddable":true,"href":"https:\/\/dgospel.com.br\/portal\/index.php\/wp-json\/wp\/v2\/comments?post=18805"}],"version-history":[{"count":1,"href":"https:\/\/dgospel.com.br\/portal\/index.php\/wp-json\/wp\/v2\/posts\/18805\/revisions"}],"predecessor-version":[{"id":18807,"href":"https:\/\/dgospel.com.br\/portal\/index.php\/wp-json\/wp\/v2\/posts\/18805\/revisions\/18807"}],"wp:featuredmedia":[{"embeddable":true,"href":"https:\/\/dgospel.com.br\/portal\/index.php\/wp-json\/wp\/v2\/media\/18806"}],"wp:attachment":[{"href":"https:\/\/dgospel.com.br\/portal\/index.php\/wp-json\/wp\/v2\/media?parent=18805"}],"wp:term":[{"taxonomy":"category","embeddable":true,"href":"https:\/\/dgospel.com.br\/portal\/index.php\/wp-json\/wp\/v2\/categories?post=18805"},{"taxonomy":"post_tag","embeddable":true,"href":"https:\/\/dgospel.com.br\/portal\/index.php\/wp-json\/wp\/v2\/tags?post=18805"}],"curies":[{"name":"wp","href":"https:\/\/api.w.org\/{rel}","templated":true}]}}