{"id":18814,"date":"2024-03-27T09:35:20","date_gmt":"2024-03-27T12:35:20","guid":{"rendered":"https:\/\/dgospel.com.br\/portal\/?p=18814"},"modified":"2024-03-27T09:35:22","modified_gmt":"2024-03-27T12:35:22","slug":"motoristas-e-motoboys-por-app-protestam-contra-projeto-de-lula","status":"publish","type":"post","link":"https:\/\/dgospel.com.br\/portal\/index.php\/2024\/03\/27\/motoristas-e-motoboys-por-app-protestam-contra-projeto-de-lula\/","title":{"rendered":"Motoristas e motoboys por app protestam contra projeto de Lula"},"content":{"rendered":"\n<p>Motoristas e motoboys que atuam em aplicativos de entrega e de transporte t\u00eam realizado protestos em diversas cidades do Brasil contra o projeto de lei apresentado pelo governo\u00a0<a rel=\"noreferrer noopener\" href=\"http:\/\/pleno.news\/tag\/lula\" target=\"_blank\">Lula<\/a>\u00a0(PT), que tem como objetivo regulamentar a categoria de transporte por aplicativo. Nas manifesta\u00e7\u00f5es, as classes dizem que a proposta traz diversos preju\u00edzos em rela\u00e7\u00e3o ao quadro atual.<\/p>\n\n\n\n<p>Apesar de a proposta n\u00e3o contemplar os servi\u00e7os prestados em aplicativos de entrega, a categoria saiu em protesto pelas ruas de algumas cidades. Em um dos atos, realizado nesta segunda-feira (25) em Belo Horizonte (MG), os motoboys relataram, por exemplo, que a proposta tira a independ\u00eancia da categoria.<\/p>\n\n\n\n<p>\u2013 O Lula t\u00e1 querendo empurrar goela abaixo nos trabalhadores [esse projeto de lei]. Tanto os motoristas quanto os motoboys n\u00e3o est\u00e3o satisfeitos. A gente n\u00e3o quer ficar preso na m\u00e3o de sindicato. N\u00e3o estamos a favor e n\u00e3o somos ouvidos \u2013 diz o conselheiro de mobilidade urbana e representante do F\u00f3rum dos Motociclistas, Ederson J\u00fanior.<\/p>\n\n\n\n<p>J\u00e1 nesta ter\u00e7a-feira (26), os atos foram realizados pelos motoristas de transporte por aplicativo, categoria efetivamente afetada pela proposta do governo federal. No Rio de Janeiro, condutores seguiram em comboio pela cidade. Ao comentar a proposta de Lula, membros da classe disseram que algumas pautas presentes na proposi\u00e7\u00e3o s\u00e3o injustas com os motoristas.<\/p>\n\n\n\n<p>\u2013 Existem pautas que n\u00e3o nos representam, que n\u00e3o foram votadas por n\u00f3s. N\u00e3o somos contra as propostas de regulamenta\u00e7\u00e3o, mas sim alguns pontos como, por exemplo, R$ 32 a hora trabalhada. Isso \u00e9 totalmente injusto \u2013 declarou um motorista.<\/p>\n\n\n\n<blockquote class=\"wp-block-quote\"><p>&nbsp;Ver essa foto no Instagram<\/p><p>&nbsp;<\/p><p><a href=\"https:\/\/www.instagram.com\/reel\/C4-dtnHuUrD\/?utm_source=ig_embed&amp;utm_campaign=loading\" target=\"_blank\" rel=\"noreferrer noopener\">Uma publica\u00e7\u00e3o compartilhada por Uber do chefe (@uberdochefe)<\/a><\/p><\/blockquote>\n\n\n\n<p><strong>SOBRE A PROPOSTA DE LULA<br><\/strong>O Projeto de Lei Complementar 12\/2024, de autoria do Poder Executivo, foi apresentado ao Congresso no \u00faltimo dia 5 de mar\u00e7o e visa regulamentar o trabalho dos motoristas de aplicativos. Um dos pontos apresentados \u00e9 dar um nome para a fun\u00e7\u00e3o: \u201ctrabalhador aut\u00f4nomo por plataforma\u201d.<\/p>\n\n\n\n<p>Em outro trecho, a proposta estabelece o valor de R$ 32,10 por hora de trabalho e remunera\u00e7\u00e3o de, pelo menos, um sal\u00e1rio m\u00ednimo (R$ 1.412). Para receber o piso nacional, o trabalhador deve realizar uma jornada de oito horas di\u00e1rias efetivamente trabalhadas.<\/p>\n\n\n\n<p>Um dos pontos mais pol\u00eamicos, por\u00e9m, reside no fato de os trabalhadores precisarem pagar uma contribui\u00e7\u00e3o de 7,5% ao Instituto Nacional do Seguro Social (INSS), enquanto a empresa ter\u00e1 que arcar com 20% do valor do sal\u00e1rio bruto.<\/p>\n\n\n\n<p>O projeto tamb\u00e9m prev\u00ea a cobertura dos custos do trabalhador, com um valor de R$ 24,07 por hora de trabalho, destinado a cobrir os custos da utiliza\u00e7\u00e3o do celular, combust\u00edvel, manuten\u00e7\u00e3o do ve\u00edculo, seguro, impostos, entre outros. Esse valor \u00e9 indenizat\u00f3rio e n\u00e3o comp\u00f5e a remunera\u00e7\u00e3o.<\/p>\n\n\n\n<p><a href=\"https:\/\/www.instagram.com\/reel\/C4_eUjoI9go\/?utm_source=ig_embed&amp;utm_campaign=loading\" target=\"_blank\" rel=\"noreferrer noopener\"><\/a><a href=\"https:\/\/www.instagram.com\/reel\/C4_eUjoI9go\/?utm_source=ig_embed&amp;utm_campaign=loading\" target=\"_blank\" rel=\"noreferrer noopener\">&nbsp;Ver essa foto no Instagram<\/a><\/p>\n\n\n\n<p><a href=\"https:\/\/www.instagram.com\/reel\/C4_eUjoI9go\/?utm_source=ig_embed&amp;utm_campaign=loading\" target=\"_blank\" rel=\"noreferrer noopener\"><\/a><\/p>\n\n\n\n<p><a href=\"https:\/\/www.instagram.com\/reel\/C4_eUjoI9go\/?utm_source=ig_embed&amp;utm_campaign=loading\" target=\"_blank\" rel=\"noreferrer noopener\">Uma publica\u00e7\u00e3o compartilhada por Pleno.News (@plenonews)<\/a><\/p>\n","protected":false},"excerpt":{"rendered":"<p>Motoristas e motoboys que atuam em aplicativos de entrega e de transporte t\u00eam realizado protestos em diversas cidades do Brasil contra o projeto de lei apresentado pelo governo\u00a0Lula\u00a0(PT), que tem como objetivo regulamentar a categoria de transporte por aplicativo. Nas manifesta\u00e7\u00f5es, as classes dizem que a proposta traz diversos preju\u00edzos em rela\u00e7\u00e3o ao quadro atual. [&hellip;]<\/p>\n","protected":false},"author":2,"featured_media":18815,"comment_status":"open","ping_status":"open","sticky":false,"template":"","format":"standard","meta":[],"categories":[11,12,10],"tags":[],"_links":{"self":[{"href":"https:\/\/dgospel.com.br\/portal\/index.php\/wp-json\/wp\/v2\/posts\/18814"}],"collection":[{"href":"https:\/\/dgospel.com.br\/portal\/index.php\/wp-json\/wp\/v2\/posts"}],"about":[{"href":"https:\/\/dgospel.com.br\/portal\/index.php\/wp-json\/wp\/v2\/types\/post"}],"author":[{"embeddable":true,"href":"https:\/\/dgospel.com.br\/portal\/index.php\/wp-json\/wp\/v2\/users\/2"}],"replies":[{"embeddable":true,"href":"https:\/\/dgospel.com.br\/portal\/index.php\/wp-json\/wp\/v2\/comments?post=18814"}],"version-history":[{"count":1,"href":"https:\/\/dgospel.com.br\/portal\/index.php\/wp-json\/wp\/v2\/posts\/18814\/revisions"}],"predecessor-version":[{"id":18816,"href":"https:\/\/dgospel.com.br\/portal\/index.php\/wp-json\/wp\/v2\/posts\/18814\/revisions\/18816"}],"wp:featuredmedia":[{"embeddable":true,"href":"https:\/\/dgospel.com.br\/portal\/index.php\/wp-json\/wp\/v2\/media\/18815"}],"wp:attachment":[{"href":"https:\/\/dgospel.com.br\/portal\/index.php\/wp-json\/wp\/v2\/media?parent=18814"}],"wp:term":[{"taxonomy":"category","embeddable":true,"href":"https:\/\/dgospel.com.br\/portal\/index.php\/wp-json\/wp\/v2\/categories?post=18814"},{"taxonomy":"post_tag","embeddable":true,"href":"https:\/\/dgospel.com.br\/portal\/index.php\/wp-json\/wp\/v2\/tags?post=18814"}],"curies":[{"name":"wp","href":"https:\/\/api.w.org\/{rel}","templated":true}]}}