{"id":18817,"date":"2024-03-27T09:37:54","date_gmt":"2024-03-27T12:37:54","guid":{"rendered":"https:\/\/dgospel.com.br\/portal\/?p=18817"},"modified":"2024-03-27T09:37:56","modified_gmt":"2024-03-27T12:37:56","slug":"datafolha-brasileiro-ve-piora-na-economia-inflacao-e-desemprego","status":"publish","type":"post","link":"https:\/\/dgospel.com.br\/portal\/index.php\/2024\/03\/27\/datafolha-brasileiro-ve-piora-na-economia-inflacao-e-desemprego\/","title":{"rendered":"Datafolha: Brasileiro v\u00ea piora na economia, infla\u00e7\u00e3o e desemprego"},"content":{"rendered":"\n<p>A pesquisa Datafolha apontou que o n\u00famero de brasileiros que consideram que a economia do pa\u00eds piorou nos \u00faltimos meses \u00e9 maior do que os que enxergam melhora. O levantamento foi feito nos dias 19 e 20 de mar\u00e7o. As informa\u00e7\u00f5es s\u00e3o da Folha de S. Paulo.<\/p>\n\n\n\n<p>Tamb\u00e9m aumentou a quantidade de pessoas que veem mais infla\u00e7\u00e3o e desemprego \u00e0 frente. E cresceu o total de quem acredita que houve piora em sua sua situa\u00e7\u00e3o econ\u00f4mica pessoal.<\/p>\n\n\n\n<p>Os dados da pesquisa coincidem com uma oscila\u00e7\u00e3o negativa de tr\u00eas pontos na taxa de reprova\u00e7\u00e3o do presidente Luiz In\u00e1cio Lula da Silva (PT), de 30% para 33%, em rela\u00e7\u00e3o a levantamento realizado em dezembro de 2023.<\/p>\n\n\n\n<p>\u2013 A avalia\u00e7\u00e3o de que a economia piorou de dezembro para c\u00e1 cresceu de 35% para 41%. Com isso, a taxa dos que veem piora ultrapassou a dos que vinham percebendo melhora, que recuou de 33% para 28% no per\u00edodo \u2013 reportou o jornal.<\/p>\n\n\n\n<p>Foram ouvidos 2.002 eleitores de 147 cidades. A margem de erro da pesquisa \u00e9 de dois pontos percentuais para mais ou para menos.<\/p>\n","protected":false},"excerpt":{"rendered":"<p>A pesquisa Datafolha apontou que o n\u00famero de brasileiros que consideram que a economia do pa\u00eds piorou nos \u00faltimos meses \u00e9 maior do que os que enxergam melhora. O levantamento foi feito nos dias 19 e 20 de mar\u00e7o. As informa\u00e7\u00f5es s\u00e3o da Folha de S. Paulo. Tamb\u00e9m aumentou a quantidade de pessoas que veem [&hellip;]<\/p>\n","protected":false},"author":2,"featured_media":18818,"comment_status":"open","ping_status":"open","sticky":false,"template":"","format":"standard","meta":[],"categories":[11,12,10],"tags":[],"_links":{"self":[{"href":"https:\/\/dgospel.com.br\/portal\/index.php\/wp-json\/wp\/v2\/posts\/18817"}],"collection":[{"href":"https:\/\/dgospel.com.br\/portal\/index.php\/wp-json\/wp\/v2\/posts"}],"about":[{"href":"https:\/\/dgospel.com.br\/portal\/index.php\/wp-json\/wp\/v2\/types\/post"}],"author":[{"embeddable":true,"href":"https:\/\/dgospel.com.br\/portal\/index.php\/wp-json\/wp\/v2\/users\/2"}],"replies":[{"embeddable":true,"href":"https:\/\/dgospel.com.br\/portal\/index.php\/wp-json\/wp\/v2\/comments?post=18817"}],"version-history":[{"count":1,"href":"https:\/\/dgospel.com.br\/portal\/index.php\/wp-json\/wp\/v2\/posts\/18817\/revisions"}],"predecessor-version":[{"id":18819,"href":"https:\/\/dgospel.com.br\/portal\/index.php\/wp-json\/wp\/v2\/posts\/18817\/revisions\/18819"}],"wp:featuredmedia":[{"embeddable":true,"href":"https:\/\/dgospel.com.br\/portal\/index.php\/wp-json\/wp\/v2\/media\/18818"}],"wp:attachment":[{"href":"https:\/\/dgospel.com.br\/portal\/index.php\/wp-json\/wp\/v2\/media?parent=18817"}],"wp:term":[{"taxonomy":"category","embeddable":true,"href":"https:\/\/dgospel.com.br\/portal\/index.php\/wp-json\/wp\/v2\/categories?post=18817"},{"taxonomy":"post_tag","embeddable":true,"href":"https:\/\/dgospel.com.br\/portal\/index.php\/wp-json\/wp\/v2\/tags?post=18817"}],"curies":[{"name":"wp","href":"https:\/\/api.w.org\/{rel}","templated":true}]}}