{"id":1882,"date":"2018-11-19T11:14:17","date_gmt":"2018-11-19T13:14:17","guid":{"rendered":"http:\/\/dgospel.com.br\/portal\/?p=1882"},"modified":"2018-11-19T11:14:17","modified_gmt":"2018-11-19T13:14:17","slug":"exoneracao-de-sergio-moro-e-publicada-no-diario-oficial-da-uniao","status":"publish","type":"post","link":"https:\/\/dgospel.com.br\/portal\/index.php\/2018\/11\/19\/exoneracao-de-sergio-moro-e-publicada-no-diario-oficial-da-uniao\/","title":{"rendered":"Exonera\u00e7\u00e3o de S\u00e9rgio Moro \u00e9 publicada no Di\u00e1rio Oficial da Uni\u00e3o"},"content":{"rendered":"<p>Entrou em vigor nesta segunda-feira (19) a exonera\u00e7\u00e3o do juiz federal S\u00e9rgio Moro. Sua sa\u00edda do cargo na 13\u00aa Vara Federal de Curitiba, Paran\u00e1, foi publicada no Di\u00e1rio Oficial da Uni\u00e3o. Moro saiu do posto porque ir\u00e1 ocupar o Minist\u00e9rio da Justi\u00e7a e Seguran\u00e7a P\u00fablica no pr\u00f3ximo ano.<\/p>\n<p>Sua exonera\u00e7\u00e3o foi oficializada pelo presidente do Tribunal Regional Federal da 4\u00aa Regi\u00e3o (TRF4), desembargador federal Thompson Flores.<\/p>\n<p>Atualmente, a<a href=\"https:\/\/pleno.news\/brasil\/conheca-gabriela-hardt-juiza-substituta-de-sergio-moro.html\">\u00a0ju\u00edza Gabriela Hardt<\/a>, da 13\u00aa Vara Federal de Curitiba, assume seu cargo temporariamente. No entanto, n\u00e3o ficar\u00e1 integralmente no cargo por n\u00e3o ser uma ju\u00edza titular. Um novo magistrado ser\u00e1 indicado por Flores.<\/p>\n<p>Em comunicado, Moro afirmou que pretendia sair do cargo em janeiro, mas mudou de planos.<\/p>\n<p>\u2013 Houve quem reclamasse que eu, mesmo em f\u00e9rias, afastado da jurisdi\u00e7\u00e3o e sem assumir o cargo executivo, n\u00e3o poderia sequer participar do planejamento de a\u00e7\u00f5es do futuro governo. Embora a perman\u00eancia na magistratura fosse relevante ao ora subescritor por permitir que seus dependentes continuassem a usufruir de cobertura previdenci\u00e1ria integral no caso de algum infort\u00fanio, especialmente em contexto na qual h\u00e1 amea\u00e7as, n\u00e3o pretendo dar azo a controv\u00e9rsias artificiais, j\u00e1 que o foco \u00e9 organizar a transi\u00e7\u00e3o e as futuras a\u00e7\u00f5es do Minist\u00e9rio da Justi\u00e7a \u2013 declarou.<\/p>\n<p>Fonte:\u00a0pleno.news<\/p>\n<p>&nbsp;<\/p>\n","protected":false},"excerpt":{"rendered":"<p>Entrou em vigor nesta segunda-feira (19) a exonera\u00e7\u00e3o do juiz federal S\u00e9rgio Moro. Sua sa\u00edda do cargo na 13\u00aa Vara Federal de Curitiba, Paran\u00e1, foi publicada no Di\u00e1rio Oficial da Uni\u00e3o. Moro saiu do posto porque ir\u00e1 ocupar o Minist\u00e9rio da Justi\u00e7a e Seguran\u00e7a P\u00fablica no pr\u00f3ximo ano. Sua exonera\u00e7\u00e3o foi oficializada pelo presidente do [&hellip;]<\/p>\n","protected":false},"author":2,"featured_media":1709,"comment_status":"open","ping_status":"open","sticky":false,"template":"","format":"standard","meta":[],"categories":[2,4],"tags":[],"_links":{"self":[{"href":"https:\/\/dgospel.com.br\/portal\/index.php\/wp-json\/wp\/v2\/posts\/1882"}],"collection":[{"href":"https:\/\/dgospel.com.br\/portal\/index.php\/wp-json\/wp\/v2\/posts"}],"about":[{"href":"https:\/\/dgospel.com.br\/portal\/index.php\/wp-json\/wp\/v2\/types\/post"}],"author":[{"embeddable":true,"href":"https:\/\/dgospel.com.br\/portal\/index.php\/wp-json\/wp\/v2\/users\/2"}],"replies":[{"embeddable":true,"href":"https:\/\/dgospel.com.br\/portal\/index.php\/wp-json\/wp\/v2\/comments?post=1882"}],"version-history":[{"count":1,"href":"https:\/\/dgospel.com.br\/portal\/index.php\/wp-json\/wp\/v2\/posts\/1882\/revisions"}],"predecessor-version":[{"id":1883,"href":"https:\/\/dgospel.com.br\/portal\/index.php\/wp-json\/wp\/v2\/posts\/1882\/revisions\/1883"}],"wp:featuredmedia":[{"embeddable":true,"href":"https:\/\/dgospel.com.br\/portal\/index.php\/wp-json\/wp\/v2\/media\/1709"}],"wp:attachment":[{"href":"https:\/\/dgospel.com.br\/portal\/index.php\/wp-json\/wp\/v2\/media?parent=1882"}],"wp:term":[{"taxonomy":"category","embeddable":true,"href":"https:\/\/dgospel.com.br\/portal\/index.php\/wp-json\/wp\/v2\/categories?post=1882"},{"taxonomy":"post_tag","embeddable":true,"href":"https:\/\/dgospel.com.br\/portal\/index.php\/wp-json\/wp\/v2\/tags?post=1882"}],"curies":[{"name":"wp","href":"https:\/\/api.w.org\/{rel}","templated":true}]}}