{"id":18820,"date":"2024-03-27T22:17:44","date_gmt":"2024-03-28T01:17:44","guid":{"rendered":"https:\/\/dgospel.com.br\/portal\/?p=18820"},"modified":"2024-03-27T22:17:46","modified_gmt":"2024-03-28T01:17:46","slug":"retirado-no-governo-bolsonaro-quadro-orixas-volta-ao-planalto","status":"publish","type":"post","link":"https:\/\/dgospel.com.br\/portal\/index.php\/2024\/03\/27\/retirado-no-governo-bolsonaro-quadro-orixas-volta-ao-planalto\/","title":{"rendered":"Retirado no governo Bolsonaro, quadro Orix\u00e1s volta ao Planalto"},"content":{"rendered":"\n<p>O quadro Orix\u00e1s, da pintora Djanira da Motta e Silva, voltou para o Sal\u00e3o Nobre do&nbsp;<a href=\"http:\/\/pleno.news\/tag\/palacio-do-planalto\" target=\"_blank\" rel=\"noreferrer noopener\">Pal\u00e1cio do Planalto<\/a>&nbsp;nesta ter\u00e7a-feira (26). A tela tinha sido retirada do local em 2019, durante o governo do ex-presidente Jair Bolsonaro (PL). Criada nos anos 60, a obra retrata tr\u00eas entidades de religi\u00f5es de matriz africana: Ians\u00e3, Oxum e Nan\u00e3.<\/p>\n\n\n\n<p>No in\u00edcio do governo Lula, a primeira-dama,\u00a0<a rel=\"noreferrer noopener\" href=\"http:\/\/pleno.news\/tag\/janja\" target=\"_blank\">Janja<\/a>\u00a0da Silva, disse que a obra voltaria ao Planalto, mas alegou que a pintura havia sido danificada. Ap\u00f3s passar por restaura\u00e7\u00e3o, a tela foi exposta na mostra\u00a0<em>Brasil futuro: as formas da democracia<\/em>, no Museu Nacional da Rep\u00fablica, em Bras\u00edlia, al\u00e9m de figurar em exposi\u00e7\u00f5es nas cidades de Salvador, Bel\u00e9m e Rio de Janeiro.<\/p>\n\n\n\n<p>Questionada em 2019 sobre o motivo para a retirada da pintura do Sal\u00e3o Nobre do Planalto, a Secretaria da Presid\u00eancia do governo Bolsonaro disse que a remo\u00e7\u00e3o foi realizada em raz\u00e3o de um \u201cprocedimento usual que visa o descanso e o rod\u00edzio das pe\u00e7as de arte como medida de conserva\u00e7\u00e3o preventiva, conforme as boas pr\u00e1ticas da museologia\u201d.<\/p>\n\n\n\n<p>Medindo 3,61 metros de largura por 1,12 metro de altura, Orix\u00e1s foi pintado por Djanira em 1966 e teria valor estimado atualmente entre R$ 1 milh\u00e3o e R$ 4 milh\u00f5es. Famosa por retratar festas folcl\u00f3ricas, religi\u00f5es, al\u00e9m de cotidiano de trabalhadores, como tecel\u00f5es, colhedores de caf\u00e9s e vaqueiros, a artista nasceu em Avar\u00e9 (SP), em 1914, e morreu no Rio de Janeiro, em 1979.<\/p>\n","protected":false},"excerpt":{"rendered":"<p>O quadro Orix\u00e1s, da pintora Djanira da Motta e Silva, voltou para o Sal\u00e3o Nobre do&nbsp;Pal\u00e1cio do Planalto&nbsp;nesta ter\u00e7a-feira (26). A tela tinha sido retirada do local em 2019, durante o governo do ex-presidente Jair Bolsonaro (PL). Criada nos anos 60, a obra retrata tr\u00eas entidades de religi\u00f5es de matriz africana: Ians\u00e3, Oxum e Nan\u00e3. [&hellip;]<\/p>\n","protected":false},"author":2,"featured_media":18821,"comment_status":"open","ping_status":"open","sticky":false,"template":"","format":"standard","meta":[],"categories":[11,12,10],"tags":[],"_links":{"self":[{"href":"https:\/\/dgospel.com.br\/portal\/index.php\/wp-json\/wp\/v2\/posts\/18820"}],"collection":[{"href":"https:\/\/dgospel.com.br\/portal\/index.php\/wp-json\/wp\/v2\/posts"}],"about":[{"href":"https:\/\/dgospel.com.br\/portal\/index.php\/wp-json\/wp\/v2\/types\/post"}],"author":[{"embeddable":true,"href":"https:\/\/dgospel.com.br\/portal\/index.php\/wp-json\/wp\/v2\/users\/2"}],"replies":[{"embeddable":true,"href":"https:\/\/dgospel.com.br\/portal\/index.php\/wp-json\/wp\/v2\/comments?post=18820"}],"version-history":[{"count":1,"href":"https:\/\/dgospel.com.br\/portal\/index.php\/wp-json\/wp\/v2\/posts\/18820\/revisions"}],"predecessor-version":[{"id":18822,"href":"https:\/\/dgospel.com.br\/portal\/index.php\/wp-json\/wp\/v2\/posts\/18820\/revisions\/18822"}],"wp:featuredmedia":[{"embeddable":true,"href":"https:\/\/dgospel.com.br\/portal\/index.php\/wp-json\/wp\/v2\/media\/18821"}],"wp:attachment":[{"href":"https:\/\/dgospel.com.br\/portal\/index.php\/wp-json\/wp\/v2\/media?parent=18820"}],"wp:term":[{"taxonomy":"category","embeddable":true,"href":"https:\/\/dgospel.com.br\/portal\/index.php\/wp-json\/wp\/v2\/categories?post=18820"},{"taxonomy":"post_tag","embeddable":true,"href":"https:\/\/dgospel.com.br\/portal\/index.php\/wp-json\/wp\/v2\/tags?post=18820"}],"curies":[{"name":"wp","href":"https:\/\/api.w.org\/{rel}","templated":true}]}}