{"id":18823,"date":"2024-03-27T22:27:06","date_gmt":"2024-03-28T01:27:06","guid":{"rendered":"https:\/\/dgospel.com.br\/portal\/?p=18823"},"modified":"2024-03-27T22:27:07","modified_gmt":"2024-03-28T01:27:07","slug":"em-brasilia-primeira-dama-karynne-sotero-busca-apoio-para-implementar-academia-para-idosos","status":"publish","type":"post","link":"https:\/\/dgospel.com.br\/portal\/index.php\/2024\/03\/27\/em-brasilia-primeira-dama-karynne-sotero-busca-apoio-para-implementar-academia-para-idosos\/","title":{"rendered":"Em Bras\u00edlia, primeira-dama Karynne Sotero busca apoio para implementar academia para idosos"},"content":{"rendered":"\n<p>A primeira-dama e secret\u00e1ria extraordin\u00e1ria de Participa\u00e7\u00f5es Sociais, Karynne Sotero; acompanhada do secret\u00e1rio extraordin\u00e1rio de Representa\u00e7\u00e3o em Bras\u00edlia, Carlos Manzini J\u00fanior, reuniu-se nesta quarta-feira, 27, no Minist\u00e9rio do Esporte, em Bras\u00edlia\/DF, com o secret\u00e1rio nacional de Esporte Amador, Educa\u00e7\u00e3o, Lazer e Inclus\u00e3o Social, Paulo Henrique Perna Cordeiro. Entre as pautas do encontro esteve a solicita\u00e7\u00e3o de apoio do \u00f3rg\u00e3o federal para implementar uma academia ao ar livre no Centro de Conviv\u00eancia dos Idosos, institui\u00e7\u00e3o localizada em Palmas. O local passar\u00e1 por adequa\u00e7\u00f5es e deve retornar o atendimento integral em breve.<\/p>\n\n\n\n<p>\u201cA prote\u00e7\u00e3o dos direitos dos idosos \u00e9 uma das minhas principais bandeiras. Acredito que a atividade f\u00edsica \u00e9 fundamental para a sa\u00fade do corpo e da mente, garantindo mais qualidade de vida e longevidade para os nossos idosos\u201d, afirmou a primeira-dama.<\/p>\n\n\n\n<p><strong>Visita<\/strong><\/p>\n\n\n\n<p>A primeira-dama Karynne Sotero esteve, no come\u00e7o do m\u00eas de mar\u00e7o, no Centro de Conviv\u00eancia dos Idosos, onde conheceu as atuais condi\u00e7\u00f5es da institui\u00e7\u00e3o, distribu\u00edda em uma \u00e1rea de 6 mil m\u00b2. Em sua visita, ela se comprometeu a viabilizar a retomada dos atendimentos do centro, que incluem fisioterapia e psicologia, com o apoio da Secretaria de Estado do Trabalho e Desenvolvimento Social (Setas) e outros parceiros.<\/p>\n\n\n\n<p><img src=\"https:\/\/central.to.gov.br\/image\/370486?w=670&amp;h=383\"><\/p>\n\n\n\n<p>Entre as pautas do encontro esteve a solicita\u00e7\u00e3o de apoio do Minist\u00e9rio do Esporte para implementar uma academia ao ar livre no Centro de Conviv\u00eancia dos Idosos, em Palmas &#8211; Governo do Tocantins&nbsp;<\/p>\n","protected":false},"excerpt":{"rendered":"<p>A primeira-dama e secret\u00e1ria extraordin\u00e1ria de Participa\u00e7\u00f5es Sociais, Karynne Sotero; acompanhada do secret\u00e1rio extraordin\u00e1rio de Representa\u00e7\u00e3o em Bras\u00edlia, Carlos Manzini J\u00fanior, reuniu-se nesta quarta-feira, 27, no Minist\u00e9rio do Esporte, em Bras\u00edlia\/DF, com o secret\u00e1rio nacional de Esporte Amador, Educa\u00e7\u00e3o, Lazer e Inclus\u00e3o Social, Paulo Henrique Perna Cordeiro. Entre as pautas do encontro esteve a solicita\u00e7\u00e3o [&hellip;]<\/p>\n","protected":false},"author":2,"featured_media":18824,"comment_status":"open","ping_status":"open","sticky":false,"template":"","format":"standard","meta":[],"categories":[3],"tags":[13],"_links":{"self":[{"href":"https:\/\/dgospel.com.br\/portal\/index.php\/wp-json\/wp\/v2\/posts\/18823"}],"collection":[{"href":"https:\/\/dgospel.com.br\/portal\/index.php\/wp-json\/wp\/v2\/posts"}],"about":[{"href":"https:\/\/dgospel.com.br\/portal\/index.php\/wp-json\/wp\/v2\/types\/post"}],"author":[{"embeddable":true,"href":"https:\/\/dgospel.com.br\/portal\/index.php\/wp-json\/wp\/v2\/users\/2"}],"replies":[{"embeddable":true,"href":"https:\/\/dgospel.com.br\/portal\/index.php\/wp-json\/wp\/v2\/comments?post=18823"}],"version-history":[{"count":1,"href":"https:\/\/dgospel.com.br\/portal\/index.php\/wp-json\/wp\/v2\/posts\/18823\/revisions"}],"predecessor-version":[{"id":18825,"href":"https:\/\/dgospel.com.br\/portal\/index.php\/wp-json\/wp\/v2\/posts\/18823\/revisions\/18825"}],"wp:featuredmedia":[{"embeddable":true,"href":"https:\/\/dgospel.com.br\/portal\/index.php\/wp-json\/wp\/v2\/media\/18824"}],"wp:attachment":[{"href":"https:\/\/dgospel.com.br\/portal\/index.php\/wp-json\/wp\/v2\/media?parent=18823"}],"wp:term":[{"taxonomy":"category","embeddable":true,"href":"https:\/\/dgospel.com.br\/portal\/index.php\/wp-json\/wp\/v2\/categories?post=18823"},{"taxonomy":"post_tag","embeddable":true,"href":"https:\/\/dgospel.com.br\/portal\/index.php\/wp-json\/wp\/v2\/tags?post=18823"}],"curies":[{"name":"wp","href":"https:\/\/api.w.org\/{rel}","templated":true}]}}