{"id":18826,"date":"2024-03-27T22:29:48","date_gmt":"2024-03-28T01:29:48","guid":{"rendered":"https:\/\/dgospel.com.br\/portal\/?p=18826"},"modified":"2024-03-27T22:29:50","modified_gmt":"2024-03-28T01:29:50","slug":"governo-do-tocantins-e-demais-estados-do-matopiba-alinham-acoes-de-combate-ao-desmatamento-ilegal-no-cerrado","status":"publish","type":"post","link":"https:\/\/dgospel.com.br\/portal\/index.php\/2024\/03\/27\/governo-do-tocantins-e-demais-estados-do-matopiba-alinham-acoes-de-combate-ao-desmatamento-ilegal-no-cerrado\/","title":{"rendered":"Governo do Tocantins e demais estados do Matopiba alinham a\u00e7\u00f5es de combate ao desmatamento ilegal no Cerrado"},"content":{"rendered":"\n<p>O governador do Tocantins, Wanderlei Barbosa, participou nesta quarta-feira, 27, no Pal\u00e1cio do Planalto, em Bras\u00edlia\/DF, de uma reuni\u00e3o promovida pelo Governo Federal e os estados que comp\u00f5em a regi\u00e3o do Matopiba (Maranh\u00e3o, Tocantins, Piau\u00ed e Bahia), para alinhamento de a\u00e7\u00f5es conjuntas de combate ao desmatamento ilegal no Cerrado. No encontro, foram propostas parcerias estrat\u00e9gicas aos estados para unificar as a\u00e7\u00f5es e atingir melhores resultados.&nbsp;<\/p>\n\n\n\n<p>Na ocasi\u00e3o, o governador Wanderlei Barbosa apontou os resultados que o Tocantins est\u00e1 alcan\u00e7ando, por meio das pol\u00edticas p\u00fablicas de combate ao desmatamento ilegal no Cerrado, destacando o di\u00e1logo com o setor agropecu\u00e1rio na busca por solu\u00e7\u00f5es sustent\u00e1veis. &#8220;O nosso estado fez quest\u00e3o de trazer o setor agropecu\u00e1rio para dentro deste debate. Hoje, a produ\u00e7\u00e3o agr\u00edcola com garantia de prote\u00e7\u00e3o ao meio ambiente \u00e9 indispens\u00e1vel \u00e0s exig\u00eancias do mercado nacional e internacional. Este di\u00e1logo est\u00e1 nos permitindo ser um estado que se destaca nas quest\u00f5es de sustentabilidade ambiental, ao mesmo tempo em que garante a produ\u00e7\u00e3o de alimentos\u201d, enfatizou.&nbsp;<\/p>\n\n\n\n<p>O encontro foi promovido pelo ministro da Casa Civil, Rui Costa; pela ministra do Meio Ambiente e Mudan\u00e7a do Clima, Marina Silva; e pelo ministro da Agricultura e Pecu\u00e1ria, Carlos F\u00e1varo. Al\u00e9m do governador Wanderlei Barbosa, que esteve acompanhado do secret\u00e1rio de Estado do Meio Ambiente e Recursos H\u00eddricos, Marcello Lelis; e do secret\u00e1rio extraordin\u00e1rio de Representa\u00e7\u00e3o em Bras\u00edlia, Carlos Manzini J\u00fanior, os governadores dos estados do Maranh\u00e3o, Carlos Brand\u00e3o; do Piau\u00ed, Rafael Fonteles; e da Bahia, Jer\u00f4nimo Rodrigues, tamb\u00e9m participaram da reuni\u00e3o.&nbsp;<\/p>\n\n\n\n<p><strong>Combate ao desmatamento no Tocantins<\/strong><\/p>\n\n\n\n<p>A atua\u00e7\u00e3o do estado \u00e9 pautada, principalmente, pelo Grupo de Trabalho para Orienta\u00e7\u00e3o das A\u00e7\u00f5es de Combate ao Desmatamento Ilegal, formado pela Secretaria de Estado do Meio Ambiente e Recursos H\u00eddricos (Semarh), Instituto Natureza do Tocantins (Naturatins), Batalh\u00e3o da Pol\u00edtica Militar Ambiental (BPMA), Superintend\u00eancia do Instituto Brasileiro de Meio Ambiente no Tocantins (Ibama\/TO) e Minist\u00e9rio P\u00fablico do Tocantins (MPTO).&nbsp;<\/p>\n\n\n\n<p>Em novembro de 2023, o Governo do Tocantins promoveu a assinatura do&nbsp;<em>Pacto Pelo Desmatamento Ilegal Zero no Tocantins<\/em>, que tem como objetivo estabelecer uma alian\u00e7a entre o estado e as entidades representativas do setor produtivo. Como resultado, 12 importantes organiza\u00e7\u00f5es do setor agropecu\u00e1rio assinaram o pacto e est\u00e3o atuando, juntamente com o governo, na constru\u00e7\u00e3o de solu\u00e7\u00f5es para a integra\u00e7\u00e3o sustent\u00e1vel entre produtividade e prote\u00e7\u00e3o ambiental.&nbsp;<\/p>\n\n\n\n<p>O secret\u00e1rio de Estado do Meio Ambiente e Recursos H\u00eddricos, Marcello Lelis, ressaltou que essa atua\u00e7\u00e3o conjunta \u00e9 um dos grandes diferenciais que tem levado o Tocantins a excelentes resultados. &#8220;Foi uma reuni\u00e3o muito produtiva, porque o Governo Federal prop\u00f4s, ao governo estadual, uma parceria em prol do enfrentamento desse problema, que \u00e9 de todo o pa\u00eds. No Tocantins, temos uma boa vontade muito grande do setor produtivo do agroneg\u00f3cio para trabalharmos juntos. Essa \u00e9 a orienta\u00e7\u00e3o do nosso governador Wanderlei Barbosa, que em iniciativas como a de hoje, s\u00e3o colocadas em pr\u00e1tica\u201d, pontuou.\u00a0<\/p>\n\n\n\n<p><img src=\"https:\/\/central.to.gov.br\/image\/370517?w=670&amp;h=383\"><\/p>\n\n\n\n<p>Governador Wanderlei Barbosa durante reuni\u00e3o em que o Tocantins manifestou apoio \u00e0 proposta do Governo Federal &#8211; Vin\u00edcius Santa Rosa\/Governo do Tocantins\u00a0<\/p>\n\n\n\n<p><img src=\"https:\/\/central.to.gov.br\/image\/370518?w=670&amp;h=383\"><\/p>\n\n\n\n<p>O governador Wanderlei Barbosa esteve acompanhado do secret\u00e1rio de Estado do Meio Ambiente e Recursos H\u00eddricos, Marcello Lelis; e do secret\u00e1rio extraordin\u00e1rio de Representa\u00e7\u00e3o em Bras\u00edlia, Carlos Manzini J\u00fanior &#8211; Vin\u00edcius Santa Rosa\/Governo do Tocantins\u00a0<\/p>\n","protected":false},"excerpt":{"rendered":"<p>O governador do Tocantins, Wanderlei Barbosa, participou nesta quarta-feira, 27, no Pal\u00e1cio do Planalto, em Bras\u00edlia\/DF, de uma reuni\u00e3o promovida pelo Governo Federal e os estados que comp\u00f5em a regi\u00e3o do Matopiba (Maranh\u00e3o, Tocantins, Piau\u00ed e Bahia), para alinhamento de a\u00e7\u00f5es conjuntas de combate ao desmatamento ilegal no Cerrado. No encontro, foram propostas parcerias estrat\u00e9gicas [&hellip;]<\/p>\n","protected":false},"author":2,"featured_media":18827,"comment_status":"open","ping_status":"open","sticky":false,"template":"","format":"standard","meta":[],"categories":[3],"tags":[13],"_links":{"self":[{"href":"https:\/\/dgospel.com.br\/portal\/index.php\/wp-json\/wp\/v2\/posts\/18826"}],"collection":[{"href":"https:\/\/dgospel.com.br\/portal\/index.php\/wp-json\/wp\/v2\/posts"}],"about":[{"href":"https:\/\/dgospel.com.br\/portal\/index.php\/wp-json\/wp\/v2\/types\/post"}],"author":[{"embeddable":true,"href":"https:\/\/dgospel.com.br\/portal\/index.php\/wp-json\/wp\/v2\/users\/2"}],"replies":[{"embeddable":true,"href":"https:\/\/dgospel.com.br\/portal\/index.php\/wp-json\/wp\/v2\/comments?post=18826"}],"version-history":[{"count":1,"href":"https:\/\/dgospel.com.br\/portal\/index.php\/wp-json\/wp\/v2\/posts\/18826\/revisions"}],"predecessor-version":[{"id":18828,"href":"https:\/\/dgospel.com.br\/portal\/index.php\/wp-json\/wp\/v2\/posts\/18826\/revisions\/18828"}],"wp:featuredmedia":[{"embeddable":true,"href":"https:\/\/dgospel.com.br\/portal\/index.php\/wp-json\/wp\/v2\/media\/18827"}],"wp:attachment":[{"href":"https:\/\/dgospel.com.br\/portal\/index.php\/wp-json\/wp\/v2\/media?parent=18826"}],"wp:term":[{"taxonomy":"category","embeddable":true,"href":"https:\/\/dgospel.com.br\/portal\/index.php\/wp-json\/wp\/v2\/categories?post=18826"},{"taxonomy":"post_tag","embeddable":true,"href":"https:\/\/dgospel.com.br\/portal\/index.php\/wp-json\/wp\/v2\/tags?post=18826"}],"curies":[{"name":"wp","href":"https:\/\/api.w.org\/{rel}","templated":true}]}}