{"id":18829,"date":"2024-03-27T22:31:39","date_gmt":"2024-03-28T01:31:39","guid":{"rendered":"https:\/\/dgospel.com.br\/portal\/?p=18829"},"modified":"2024-03-27T22:31:41","modified_gmt":"2024-03-28T01:31:41","slug":"governo-do-tocantins-convoca-mais-349-aprovados-no-concurso-da-educacao","status":"publish","type":"post","link":"https:\/\/dgospel.com.br\/portal\/index.php\/2024\/03\/27\/governo-do-tocantins-convoca-mais-349-aprovados-no-concurso-da-educacao\/","title":{"rendered":"Governo do Tocantins convoca mais 349 aprovados no concurso da educa\u00e7\u00e3o"},"content":{"rendered":"\n<p>O Governo do Tocantins, por meio das Secretarias de Estado da Educa\u00e7\u00e3o (Seduc) e da Administra\u00e7\u00e3o (Secad), convocou mais 349 candidatos aprovados no concurso da educa\u00e7\u00e3o, para exercerem as fun\u00e7\u00f5es dos cargos de provimento efetivo do quadro dos profissionais da educa\u00e7\u00e3o b\u00e1sica p\u00fablica.<\/p>\n\n\n\n<p>A convoca\u00e7\u00e3o, publicada no&nbsp;<a href=\"https:\/\/diariooficial.to.gov.br\/\">Di\u00e1rio Oficial do Estado (DOE)<\/a>&nbsp;desta quarta-feira, 27, \u00e9 para professores, coordenadores pedag\u00f3gicos e orientadores educacionais. O prazo para realizar o procedimento de posse, que \u00e9 digital e conduzido pela Secad, \u00e9 de 30 dias.<\/p>\n\n\n\n<p>Os aprovados receber\u00e3o um e-mail com as orienta\u00e7\u00f5es a serem seguidas e a Instru\u00e7\u00e3o Normativa n\u00ba 12, publicada no DOE do dia 19 de dezembro de 2023, detalha todos os procedimentos necess\u00e1rios para a efetiva\u00e7\u00e3o do processo.<\/p>\n\n\n\n<p>Ap\u00f3s finalizar todas as etapas da posse digital, o servidor receber\u00e1, por e-mail, o Termo de Posse, assinado pelo secret\u00e1rio de Estado da Administra\u00e7\u00e3o. Em seguida, o profissional dever\u00e1 apresentar-se \u00e0 Superintend\u00eancia Regional de Educa\u00e7\u00e3o (SRE), que designar\u00e1 em qual unidade o servidor ser\u00e1 lotado. A ordem de lota\u00e7\u00e3o ser\u00e1 determinada com base na posse e apresenta\u00e7\u00e3o na SRE, n\u00e3o seguindo a classifica\u00e7\u00e3o.<\/p>\n\n\n\n<p>Esta \u00e9 a 6\u00aa convoca\u00e7\u00e3o de profissionais aprovados no certame, totalizando mais de 4.040 pessoas chamadas, entre classificados dentro do quadro de vagas, cadastro de reserva e aprovados. Conforme estabelece o edital, o prazo de validade do concurso ser\u00e1 de dois anos, contados a partir da data de homologa\u00e7\u00e3o do resultado final, podendo ser prorrogado pelo mesmo per\u00edodo.<\/p>\n","protected":false},"excerpt":{"rendered":"<p>O Governo do Tocantins, por meio das Secretarias de Estado da Educa\u00e7\u00e3o (Seduc) e da Administra\u00e7\u00e3o (Secad), convocou mais 349 candidatos aprovados no concurso da educa\u00e7\u00e3o, para exercerem as fun\u00e7\u00f5es dos cargos de provimento efetivo do quadro dos profissionais da educa\u00e7\u00e3o b\u00e1sica p\u00fablica. A convoca\u00e7\u00e3o, publicada no&nbsp;Di\u00e1rio Oficial do Estado (DOE)&nbsp;desta quarta-feira, 27, \u00e9 para [&hellip;]<\/p>\n","protected":false},"author":2,"featured_media":18830,"comment_status":"open","ping_status":"open","sticky":false,"template":"","format":"standard","meta":[],"categories":[3],"tags":[13],"_links":{"self":[{"href":"https:\/\/dgospel.com.br\/portal\/index.php\/wp-json\/wp\/v2\/posts\/18829"}],"collection":[{"href":"https:\/\/dgospel.com.br\/portal\/index.php\/wp-json\/wp\/v2\/posts"}],"about":[{"href":"https:\/\/dgospel.com.br\/portal\/index.php\/wp-json\/wp\/v2\/types\/post"}],"author":[{"embeddable":true,"href":"https:\/\/dgospel.com.br\/portal\/index.php\/wp-json\/wp\/v2\/users\/2"}],"replies":[{"embeddable":true,"href":"https:\/\/dgospel.com.br\/portal\/index.php\/wp-json\/wp\/v2\/comments?post=18829"}],"version-history":[{"count":1,"href":"https:\/\/dgospel.com.br\/portal\/index.php\/wp-json\/wp\/v2\/posts\/18829\/revisions"}],"predecessor-version":[{"id":18831,"href":"https:\/\/dgospel.com.br\/portal\/index.php\/wp-json\/wp\/v2\/posts\/18829\/revisions\/18831"}],"wp:featuredmedia":[{"embeddable":true,"href":"https:\/\/dgospel.com.br\/portal\/index.php\/wp-json\/wp\/v2\/media\/18830"}],"wp:attachment":[{"href":"https:\/\/dgospel.com.br\/portal\/index.php\/wp-json\/wp\/v2\/media?parent=18829"}],"wp:term":[{"taxonomy":"category","embeddable":true,"href":"https:\/\/dgospel.com.br\/portal\/index.php\/wp-json\/wp\/v2\/categories?post=18829"},{"taxonomy":"post_tag","embeddable":true,"href":"https:\/\/dgospel.com.br\/portal\/index.php\/wp-json\/wp\/v2\/tags?post=18829"}],"curies":[{"name":"wp","href":"https:\/\/api.w.org\/{rel}","templated":true}]}}