{"id":1884,"date":"2018-11-19T11:25:45","date_gmt":"2018-11-19T13:25:45","guid":{"rendered":"http:\/\/dgospel.com.br\/portal\/?p=1884"},"modified":"2018-11-19T11:25:45","modified_gmt":"2018-11-19T13:25:45","slug":"fernanda-brum-ganha-o-grammy-latino-2018","status":"publish","type":"post","link":"https:\/\/dgospel.com.br\/portal\/index.php\/2018\/11\/19\/fernanda-brum-ganha-o-grammy-latino-2018\/","title":{"rendered":"Fernanda Brum ganha o Grammy Latino 2018"},"content":{"rendered":"<p>A cantora Fernanda Brum ganhou o pr\u00eamio de\u00a0Melhor \u00c1lbum de M\u00fasica Crist\u00e3 em L\u00edngua Portuguesa da Am\u00e9rica Latina, com o \u00e1lbum \u201cSom da Minha Vida\u201d.<\/p>\n<p>A cerim\u00f4nia de premia\u00e7\u00e3o do 19\u00ba Latin Grammy aconteceu nesta quinta-feira (15), em Las Vegas (EUA). Esta foi a quarta indica\u00e7\u00e3o da cantora, sua segunda vit\u00f3ria.<\/p>\n<p>\u201cEu n\u00e3o tinha discurso pronto porque eu realmente n\u00e3o esperava. Mas, estou especialmente muito feliz e emocionada. Pois esta \u00e1lbum \u00e9 literalmente o SOM DA MINHA VIDA. Uma viagem \u00e0 minha hist\u00f3ria, minhas origens. Por isso dedico \u00e0 minha\u00a0 av\u00f3 Diogresa, em mem\u00f3ria. Agrade\u00e7o ao meu marido, meu produtor de todos esses anos, Emerson Pinheiro, indicado a muitos Grammys tamb\u00e9m. A toda a minha equipe da MK Music e aos meus filhos queridos que passaram tantos dias longe de mim para que eu pudesse fazer o meu trabalho. E a todos voc\u00eas da Academia, Deus aben\u00e7oe\u201d, declarou a cantora.<\/p>\n<p>\u201cParab\u00e9ns, Fernandinha. Voc\u00ea sempre trazendo alegrias para n\u00f3s e nos representando t\u00e3o bem. Sempre nos surpreende a cada trabalho. Parab\u00e9ns tamb\u00e9m, querido Emerson Pinheiro. Que Deus continue aben\u00e7oando este casal\u201d, compartilhou Arolde de Oliveira, fundador do Grupo MK de Comunica\u00e7\u00e3o. \u201cEste CD \u00e9 um trabalho muito autorial da Fernanda. Ela exp\u00f4s seu cora\u00e7\u00e3o, suas dores tamb\u00e9m, mas grandes conquistas\u2026 Certamente, valeu a pena\u201d, comemora a presidente do Grupo MK de Comunica\u00e7\u00e3o, Yvelise de Oliveira.<\/p>\n<p>O \u00e1lbum SOM DA MINHA VIDA \u00e9 uma verdadeira retrospectiva da carreira de Fernanda. \u201cEste CD n\u00e3o foi idealizado, ele foi suado, sangrado. \u00c9 um trabalho \u2018sentido\u2019, com can\u00e7\u00f5es que eu queria ter gravado h\u00e1 muito tempo, outras que Deus foi revelando\u2026 O \u00e1lbum nasceu de uma vontade profunda de voltar ao in\u00edcio de tudo. Eu acredito que de tempos em tempos precisamos \u2018voltar ao Jord\u00e3o\u2019, ao come\u00e7o, \u00e0s\u00a0 ra\u00edzes\u2026\u201d, explica a cantora, que tem mais de 25 anos de carreira, e foi indicada anteriormente ao Latin Grammy com os \u00e1lbuns Cura-me (2008), Da Eternidade (2015, sua primeira vit\u00f3ria) e Ao Vivo em Israel (2017).<\/p>\n<p><strong>Fonte: MK Music<\/strong><\/p>\n","protected":false},"excerpt":{"rendered":"<p>A cantora Fernanda Brum ganhou o pr\u00eamio de\u00a0Melhor \u00c1lbum de M\u00fasica Crist\u00e3 em L\u00edngua Portuguesa da Am\u00e9rica Latina, com o \u00e1lbum \u201cSom da Minha Vida\u201d. A cerim\u00f4nia de premia\u00e7\u00e3o do 19\u00ba Latin Grammy aconteceu nesta quinta-feira (15), em Las Vegas (EUA). Esta foi a quarta indica\u00e7\u00e3o da cantora, sua segunda vit\u00f3ria. \u201cEu n\u00e3o tinha discurso [&hellip;]<\/p>\n","protected":false},"author":2,"featured_media":1885,"comment_status":"open","ping_status":"open","sticky":false,"template":"","format":"standard","meta":[],"categories":[2,5,6],"tags":[],"_links":{"self":[{"href":"https:\/\/dgospel.com.br\/portal\/index.php\/wp-json\/wp\/v2\/posts\/1884"}],"collection":[{"href":"https:\/\/dgospel.com.br\/portal\/index.php\/wp-json\/wp\/v2\/posts"}],"about":[{"href":"https:\/\/dgospel.com.br\/portal\/index.php\/wp-json\/wp\/v2\/types\/post"}],"author":[{"embeddable":true,"href":"https:\/\/dgospel.com.br\/portal\/index.php\/wp-json\/wp\/v2\/users\/2"}],"replies":[{"embeddable":true,"href":"https:\/\/dgospel.com.br\/portal\/index.php\/wp-json\/wp\/v2\/comments?post=1884"}],"version-history":[{"count":1,"href":"https:\/\/dgospel.com.br\/portal\/index.php\/wp-json\/wp\/v2\/posts\/1884\/revisions"}],"predecessor-version":[{"id":1886,"href":"https:\/\/dgospel.com.br\/portal\/index.php\/wp-json\/wp\/v2\/posts\/1884\/revisions\/1886"}],"wp:featuredmedia":[{"embeddable":true,"href":"https:\/\/dgospel.com.br\/portal\/index.php\/wp-json\/wp\/v2\/media\/1885"}],"wp:attachment":[{"href":"https:\/\/dgospel.com.br\/portal\/index.php\/wp-json\/wp\/v2\/media?parent=1884"}],"wp:term":[{"taxonomy":"category","embeddable":true,"href":"https:\/\/dgospel.com.br\/portal\/index.php\/wp-json\/wp\/v2\/categories?post=1884"},{"taxonomy":"post_tag","embeddable":true,"href":"https:\/\/dgospel.com.br\/portal\/index.php\/wp-json\/wp\/v2\/tags?post=1884"}],"curies":[{"name":"wp","href":"https:\/\/api.w.org\/{rel}","templated":true}]}}