{"id":18847,"date":"2024-04-02T10:27:34","date_gmt":"2024-04-02T13:27:34","guid":{"rendered":"https:\/\/dgospel.com.br\/portal\/?p=18847"},"modified":"2024-04-02T10:27:36","modified_gmt":"2024-04-02T13:27:36","slug":"wanderlei-barbosa-e-primeira-dama-karynne-sotero-finalizam-acao-pascoa-feliz-no-povoado-campo-alegre-em-parana","status":"publish","type":"post","link":"https:\/\/dgospel.com.br\/portal\/index.php\/2024\/04\/02\/wanderlei-barbosa-e-primeira-dama-karynne-sotero-finalizam-acao-pascoa-feliz-no-povoado-campo-alegre-em-parana\/","title":{"rendered":"Wanderlei Barbosa e primeira-dama Karynne Sotero finalizam a\u00e7\u00e3o P\u00e1scoa Feliz, no povoado Campo Alegre, em Paran\u00e3"},"content":{"rendered":"\n<p>O domingo de P\u00e1scoa foi bem diferente para as crian\u00e7as do povoado de Campo Alegre, munic\u00edpio de Paran\u00e3, que recebeu o encerramento da a\u00e7\u00e3o&nbsp;<em>P\u00e1scoa Feliz<\/em>, realizada pela primeira-dama do Tocantins e secret\u00e1ria extraordin\u00e1ria de Participa\u00e7\u00f5es Sociais, Karynne Sotero, e contou com a presen\u00e7a do governador Wanderlei Barbosa. Neste primeiro ano, o&nbsp;<em>P\u00e1scoa Feliz&nbsp;<\/em>alcan\u00e7ou crian\u00e7as em situa\u00e7\u00e3o de vulnerabilidade social com doa\u00e7\u00f5es de ovos de P\u00e1scoa, kits educativos, kits de higiene bucal e uma programa\u00e7\u00e3o especial.<br><br>Realizado em cinco munic\u00edpios, o&nbsp;<em>P\u00e1scoa Feliz&nbsp;<\/em>priorizou crian\u00e7as de lares de acolhimento, assentamentos, comunidades e escolas rurais. O p\u00fablico-alvo vai ao encontro do prop\u00f3sito da Secretaria Extraordin\u00e1ria de Participa\u00e7\u00f5es Sociais, comandada pela primeira-dama, que \u00e9 respons\u00e1vel por orientar e criar projetos, programas, campanhas e a\u00e7\u00f5es que visem \u00e0 melhoria da qualidade de vida da popula\u00e7\u00e3o, al\u00e9m de desenvolver programas voltados para apoio \u00e0s comunidades tradicionais e crian\u00e7as em situa\u00e7\u00e3o de vulnerabilidade social.<\/p>\n\n\n\n<p>Em breve mensagem, o governador Wanderlei Barbosa desejou uma feliz p\u00e1scoa a todos e que \u201ctenham um momento de reflex\u00e3o, da morte de Jesus e da Sua ressurrei\u00e7\u00e3o. Quero, neste momento t\u00e3o emblem\u00e1tico para nossa f\u00e9, desejar que Deus aben\u00e7oe todos voc\u00eas de Campo Alegre, de Paran\u00e3, do Tocantins e do Brasil\u201d.<br><br>A primeira-dama Karynne Sotero expressou a alegria de encerrar a a\u00e7\u00e3o de P\u00e1scoa na comunidade. \u201cEu s\u00f3 tenho a agradecer porque voc\u00eas vieram. \u00c9 um gesto de carinho e aconchego que eu quis trazer para voc\u00eas\u201d, afirmou.\u00a0<br><br>A diretora da unidade escolar que recebeu a a\u00e7\u00e3o, Edileuza Ara\u00fajo, tamb\u00e9m participou da abertura e agradeceu a a\u00e7\u00e3o da primeira-dama. \u201cCom muita alegria, n\u00f3s, da Escola Estadual Floresta, da Escola Municipal Professora C\u00e2ndida e todas as crian\u00e7as da comunidade, agradecemos \u00e0 primeira-dama Karynne Sotero, por esse momento. Gratid\u00e3o!\u201d, destacou.<br><br>A a\u00e7\u00e3o contou com a parceria da Energisa; e do Servi\u00e7o Social do Transporte e do Servi\u00e7o Nacional de Aprendizagem do Transporte (Sest\/Senat).\u00a0<\/p>\n\n\n\n<p><img src=\"https:\/\/central.to.gov.br\/image\/370588?w=670&amp;h=383\"><\/p>\n\n\n\n<p>Primeira-dama Karynne Sotero expressou a alegria de encerrar a a\u00e7\u00e3o de P\u00e1scoa na comunidade Campo Alegre &#8211; Loise Maria\/Governo do Tocantins\u00a0<\/p>\n\n\n\n<p><img src=\"https:\/\/central.to.gov.br\/image\/370589?w=670&amp;h=383\"><\/p>\n\n\n\n<p>Domingo de P\u00e1scoa foi bem diferente para as crian\u00e7as do povoado de Campo Alegre, munic\u00edpio de Paran\u00e3, com a a\u00e7\u00e3o P\u00e1scoa Feliz &#8211; Loise Maria\/Governo do Tocantins\u00a0<\/p>\n\n\n\n<p><img src=\"https:\/\/central.to.gov.br\/image\/370590?w=670&amp;h=383\"><\/p>\n\n\n\n<p>Realizado em cinco munic\u00edpios, o P\u00e1scoa Feliz priorizou crian\u00e7as de lares de acolhimento, assentamentos, comunidades e escolas rurais &#8211; Loise Maria\/Governo do Tocantins\u00a0<\/p>\n\n\n\n<p><img src=\"https:\/\/central.to.gov.br\/image\/370591?w=670&amp;h=383\"><\/p>\n\n\n\n<p>P\u00e1scoa Feliz alcan\u00e7ou crian\u00e7as em situa\u00e7\u00e3o de vulnerabilidade social com doa\u00e7\u00f5es de ovos de P\u00e1scoa, kits educativos, kits de higiene bucal e uma programa\u00e7\u00e3o especial &#8211; Loise Maria\/Governo do Tocantins\u00a0<\/p>\n\n\n\n<p><img src=\"https:\/\/central.to.gov.br\/image\/370592?w=670&amp;h=383\"><\/p>\n\n\n\n<p>Governador Wanderlei Barbosa e primeira-dama Karynne Sotero celebram a P\u00e1scoa no povoado Campo Alegre, em Paran\u00e3 &#8211; Loise Maria\/Governo do Tocantins&nbsp;<\/p>\n","protected":false},"excerpt":{"rendered":"<p>O domingo de P\u00e1scoa foi bem diferente para as crian\u00e7as do povoado de Campo Alegre, munic\u00edpio de Paran\u00e3, que recebeu o encerramento da a\u00e7\u00e3o&nbsp;P\u00e1scoa Feliz, realizada pela primeira-dama do Tocantins e secret\u00e1ria extraordin\u00e1ria de Participa\u00e7\u00f5es Sociais, Karynne Sotero, e contou com a presen\u00e7a do governador Wanderlei Barbosa. Neste primeiro ano, o&nbsp;P\u00e1scoa Feliz&nbsp;alcan\u00e7ou crian\u00e7as em situa\u00e7\u00e3o [&hellip;]<\/p>\n","protected":false},"author":2,"featured_media":18848,"comment_status":"open","ping_status":"open","sticky":false,"template":"","format":"standard","meta":[],"categories":[3],"tags":[13],"_links":{"self":[{"href":"https:\/\/dgospel.com.br\/portal\/index.php\/wp-json\/wp\/v2\/posts\/18847"}],"collection":[{"href":"https:\/\/dgospel.com.br\/portal\/index.php\/wp-json\/wp\/v2\/posts"}],"about":[{"href":"https:\/\/dgospel.com.br\/portal\/index.php\/wp-json\/wp\/v2\/types\/post"}],"author":[{"embeddable":true,"href":"https:\/\/dgospel.com.br\/portal\/index.php\/wp-json\/wp\/v2\/users\/2"}],"replies":[{"embeddable":true,"href":"https:\/\/dgospel.com.br\/portal\/index.php\/wp-json\/wp\/v2\/comments?post=18847"}],"version-history":[{"count":1,"href":"https:\/\/dgospel.com.br\/portal\/index.php\/wp-json\/wp\/v2\/posts\/18847\/revisions"}],"predecessor-version":[{"id":18849,"href":"https:\/\/dgospel.com.br\/portal\/index.php\/wp-json\/wp\/v2\/posts\/18847\/revisions\/18849"}],"wp:featuredmedia":[{"embeddable":true,"href":"https:\/\/dgospel.com.br\/portal\/index.php\/wp-json\/wp\/v2\/media\/18848"}],"wp:attachment":[{"href":"https:\/\/dgospel.com.br\/portal\/index.php\/wp-json\/wp\/v2\/media?parent=18847"}],"wp:term":[{"taxonomy":"category","embeddable":true,"href":"https:\/\/dgospel.com.br\/portal\/index.php\/wp-json\/wp\/v2\/categories?post=18847"},{"taxonomy":"post_tag","embeddable":true,"href":"https:\/\/dgospel.com.br\/portal\/index.php\/wp-json\/wp\/v2\/tags?post=18847"}],"curies":[{"name":"wp","href":"https:\/\/api.w.org\/{rel}","templated":true}]}}