{"id":18850,"date":"2024-04-02T10:30:06","date_gmt":"2024-04-02T13:30:06","guid":{"rendered":"https:\/\/dgospel.com.br\/portal\/?p=18850"},"modified":"2024-04-02T10:30:07","modified_gmt":"2024-04-02T13:30:07","slug":"ses-to-promove-a-campanha-abril-azul-de-conscientizacao-sobre-o-autismo","status":"publish","type":"post","link":"https:\/\/dgospel.com.br\/portal\/index.php\/2024\/04\/02\/ses-to-promove-a-campanha-abril-azul-de-conscientizacao-sobre-o-autismo\/","title":{"rendered":"SES-TO promove a campanha Abril Azul, de conscientiza\u00e7\u00e3o sobre o autismo"},"content":{"rendered":"\n<p>A Secretaria de Estado da Sa\u00fade do Tocantins (SES-TO) inicia neste dia 1\u00b0 de abril, a campanha&nbsp;<em>Abril Azul<\/em>, que sensibiliza as pessoas sobre o Transtorno do Espectro Autista (TEA). O m\u00eas foi escolhido devido \u00e0 celebra\u00e7\u00e3o do Dia Mundial de Conscientiza\u00e7\u00e3o sobre o Autismo, no 2\u00b0 dia de abril, institu\u00eddo em 2007 pela Organiza\u00e7\u00e3o das Na\u00e7\u00f5es Unidas (ONU).<\/p>\n\n\n\n<p>A m\u00e3e at\u00edpica Deborah Dias \u00e9 moradora de Palmas, tem dois filhos com Transtorno do Espectro Autista (TEA) e o marido tamb\u00e9m \u00e9 diagnosticado. Ela relatou sobre o porqu\u00ea a campanha \u00e9 importante. \u201cSaber o que \u00e9 o autismo, as caracter\u00edsticas e como funciona o suporte, permite que a integra\u00e7\u00e3o na sociedade ocorra de forma mais natural. A diferen\u00e7a \u00e9 o que faz do ser humano \u00fanico e cabe a n\u00f3s incluir as diferen\u00e7as, para que consigamos fazer acontecer uma sociedade completa mesmo. Nossos filhos e nossas fam\u00edlias s\u00e3o parte do todo e precisam ser vistos assim. Principalmente assumir que se algu\u00e9m n\u00e3o sabe sobre um assunto, cabe a essa pessoa procurar conhecimento e n\u00e3o julgar\u201d, destaca.<\/p>\n\n\n\n<p>\u201cO autismo tem caracter\u00edsticas e comorbidades pouco conhecidas pela popula\u00e7\u00e3o em geral, por isso as pessoas buscam justificar essas particularidades do diagn\u00f3stico como&nbsp;<em>birra<\/em>, acusam de serem<em>&nbsp;crian\u00e7as mimadas<\/em>&nbsp;e&nbsp;<em>adultos sistem\u00e1ticos<\/em>. Sendo assim o r\u00f3tulo invisibiliza a real necessidade de suporte, aumentando o sofrimento. Temos muitas dificuldades tamb\u00e9m quanto \u00e0 escola, porque cada um precisa de coisas diferentes, dependendo do n\u00edvel de suporte da necessidade da crian\u00e7a. Por isso, quem planeja a aula, precisa planejar para todos os alunos, n\u00e3o s\u00f3 para os alunos t\u00edpicos. Aceitar o diagn\u00f3stico da pessoa com autismo n\u00e3o \u00e9 apenas deixar fazer a matr\u00edcula, \u00e9 entender que aquelas caracter\u00edsticas s\u00e3o parte de quem ele \u00e9, e que precisam de adapta\u00e7\u00e3o para que vivam e convivam em sociedade\u201d, afirma Deborah.<\/p>\n\n\n\n<p><strong>O que \u00e9 o autismo?<\/strong><\/p>\n\n\n\n<p>O Transtorno do Espectro Autista (TEA) \u00e9 uma condi\u00e7\u00e3o de sa\u00fade que afeta o desenvolvimento neurol\u00f3gico, mudando a forma como uma pessoa percebe o mundo e se socializa. Atinge duas \u00e1reas do desenvolvimento humano, a comunica\u00e7\u00e3o e a intera\u00e7\u00e3o social. Pode ser diagnosticado desde a inf\u00e2ncia, mas tamb\u00e9m \u00e9 descoberto na fase adulta. Alguns dos sinais comuns em crian\u00e7as com autismo \u00e9 o atraso na fala, n\u00e3o responder quando chamado e poucas express\u00f5es faciais. Em adultos, uma caracter\u00edstica marcante \u00e9 a dificuldade de interagir socialmente. Embora alguns possam viver de forma independente, outros precisar\u00e3o de apoio no decorrer de toda a vida. Isso porque o autismo \u00e9 classificado por n\u00edveis que variam de leve, moderado e severo. Por isso, no tratamento, o apoio \u00e9 de acordo com a necessidade.<\/p>\n\n\n\n<p><strong>Como ajudar?<\/strong><\/p>\n\n\n\n<p>O apoio emocional \u00e9 fundamental. Alguns atos como estabelecer hor\u00e1rios e reduzir barulhos promovem seguran\u00e7a. Para a pessoa com autismo, a comunica\u00e7\u00e3o contribui para a qualidade de vida, essa e outras habilidades sociais podem ser desenvolvidas com a ajuda de profissionais.<\/p>\n\n\n\n<p><strong>Rede de cuidados no SUS<\/strong><\/p>\n\n\n\n<p>No Tocantins, as pessoas com TEA s\u00e3o acolhidas nos Centros Especializados em Reabilita\u00e7\u00e3o (CERs) localizados em Palmas e Colinas. Nos locais, s\u00e3o atendidos por uma equipe multiprofissional, composta por neuropediatra, psiquiatra, nutricionista, educador f\u00edsico, fonoaudi\u00f3logo, terapeuta ocupacional, psic\u00f3logo e neuropsicopedagogo.<\/p>\n\n\n\n<p>Para garantir um atendimento mais c\u00e9lere e pontual, em todo o Estado, a SES-TO j\u00e1 aprovou na Comiss\u00e3o Intergestores Bipartite (CIB), o Plano de A\u00e7\u00e3o da Rede de Cuidados \u00e0 Pessoa com Defici\u00eancia, que visa a capta\u00e7\u00e3o de recursos com o Minist\u00e9rio da Sa\u00fade (MS), para constru\u00e7\u00e3o de mais seis Centros Especializados em Reabilita\u00e7\u00e3o. Destes, dois j\u00e1 tiveram recursos homologados e ser\u00e3o constru\u00eddos nas cidades de S\u00edtio Novo e Dian\u00f3polis.<\/p>\n\n\n\n<p>Tamb\u00e9m foi aprovada, na CIB, a Linha de Cuidado da Pessoa com Transtorno do Espectro Autista (TEA), que prev\u00ea o fluxo de atendimento, iniciando desde o nascimento da crian\u00e7a por meio da carteirinha de vacina\u00e7\u00e3o, em que \u00e9 feito o acompanhamento necess\u00e1rio.<\/p>\n\n\n\n<p>\u201cEmbora n\u00e3o tenha cura, existem tratamento e acompanhamento especializado para a pessoa diagnosticada com Transtorno do Espectro Autista. Com a ajuda de profissionais especializados, \u00e9 poss\u00edvel melhorar a qualidade de vida e adquirir mais independ\u00eancia e sociabilidade. No nosso SUS [Sistema \u00danico de Sa\u00fade] tocantinense, \u00e9 ofertado gratuitamente o cuidado nos CERs [Centros Especializados em Reabilita\u00e7\u00e3o] de Palmas e Colinas. O tratamento \u00e9 personalizado com equipe multidisciplinar, composta por psic\u00f3logo, neuropediatra, fonoaudi\u00f3logo e outros profissionais, qualificados para atender cada paciente, conforme a necessidade\u201d, pontua a superintendente da Rede de Cuidados \u00e0 Pessoa com Defici\u00eancia\/SES-TO, Rosa Helena Ambr\u00f3sio de Carvalho.<\/p>\n\n\n\n<p><strong>Ciptea<\/strong><\/p>\n\n\n\n<p>Al\u00e9m disso, em setembro de 2023, o Governo do Tocantins lan\u00e7ou a Carteira de Identifica\u00e7\u00e3o da Pessoa com Transtorno do Espectro Autista (Ciptea), um documento gratuito institu\u00eddo pela Lei Federal Romeo Mion n\u00b0 13.977, de 8 de janeiro de 2020, e de acordo com o Decreto Estadual n\u00b0 6.619, de 24 de abril de 2023. O objetivo \u00e9 contemplar o cidad\u00e3o em todas as necessidades, prioridade no atendimento e no acesso aos servi\u00e7os p\u00fablicos e privados, especialmente nas \u00e1reas de sa\u00fade, educa\u00e7\u00e3o e assist\u00eancia social. A solicita\u00e7\u00e3o pode ser feita no seguinte link:&nbsp;<a href=\"https:\/\/sistemas.ati.to.gov.br\/ciptea\/login\">https:\/\/sistemas.ati.to.gov.br\/ciptea\/login<\/a>.<\/p>\n\n\n\n<p><strong>Programa\u00e7\u00e3o especial<\/strong><\/p>\n\n\n\n<p>Alguns pais podem se sentir sozinhos, por isso \u00e9 importante saber que existem mais fam\u00edlias que t\u00eam as mesmas ou diferentes inseguran\u00e7as sobre o Transtorno do Espectro Autista. Para viabilizar o compartilhamento de experi\u00eancias entre pais e familiares de pessoas com Transtorno do Espectro Autista (TEA), a Secretaria de Estado da Sa\u00fade do Tocantins (SES-TO) e a Secretaria de Estado da Administra\u00e7\u00e3o (SECAD-TO) ir\u00e3o realizar o 1\u00b0 Encontro de Pais de Autistas do Estado do Tocantins, no Dia Mundial de Conscientiza\u00e7\u00e3o sobre o Autismo, 2 de abril. A confraterniza\u00e7\u00e3o ser\u00e1 gratuita, realizada no audit\u00f3rio da Ordem dos Advogados do Brasil (OAB), em Palmas, e contar\u00e1 com palestras, atendimentos e apresenta\u00e7\u00f5es culturais.<\/p>\n\n\n\n<p><img src=\"https:\/\/central.to.gov.br\/image\/370624?w=670&amp;h=383\"><\/p>\n\n\n\n<p>Fam\u00edlia da Deborah Dias vai participar do 1\u00b0 Encontro de Pais de Autistas do Estado do Tocantins, dia 2 de abril &#8211; Arquivo Pessoal&nbsp;<\/p>\n","protected":false},"excerpt":{"rendered":"<p>A Secretaria de Estado da Sa\u00fade do Tocantins (SES-TO) inicia neste dia 1\u00b0 de abril, a campanha&nbsp;Abril Azul, que sensibiliza as pessoas sobre o Transtorno do Espectro Autista (TEA). O m\u00eas foi escolhido devido \u00e0 celebra\u00e7\u00e3o do Dia Mundial de Conscientiza\u00e7\u00e3o sobre o Autismo, no 2\u00b0 dia de abril, institu\u00eddo em 2007 pela Organiza\u00e7\u00e3o das [&hellip;]<\/p>\n","protected":false},"author":2,"featured_media":18851,"comment_status":"open","ping_status":"open","sticky":false,"template":"","format":"standard","meta":[],"categories":[3],"tags":[13],"_links":{"self":[{"href":"https:\/\/dgospel.com.br\/portal\/index.php\/wp-json\/wp\/v2\/posts\/18850"}],"collection":[{"href":"https:\/\/dgospel.com.br\/portal\/index.php\/wp-json\/wp\/v2\/posts"}],"about":[{"href":"https:\/\/dgospel.com.br\/portal\/index.php\/wp-json\/wp\/v2\/types\/post"}],"author":[{"embeddable":true,"href":"https:\/\/dgospel.com.br\/portal\/index.php\/wp-json\/wp\/v2\/users\/2"}],"replies":[{"embeddable":true,"href":"https:\/\/dgospel.com.br\/portal\/index.php\/wp-json\/wp\/v2\/comments?post=18850"}],"version-history":[{"count":1,"href":"https:\/\/dgospel.com.br\/portal\/index.php\/wp-json\/wp\/v2\/posts\/18850\/revisions"}],"predecessor-version":[{"id":18852,"href":"https:\/\/dgospel.com.br\/portal\/index.php\/wp-json\/wp\/v2\/posts\/18850\/revisions\/18852"}],"wp:featuredmedia":[{"embeddable":true,"href":"https:\/\/dgospel.com.br\/portal\/index.php\/wp-json\/wp\/v2\/media\/18851"}],"wp:attachment":[{"href":"https:\/\/dgospel.com.br\/portal\/index.php\/wp-json\/wp\/v2\/media?parent=18850"}],"wp:term":[{"taxonomy":"category","embeddable":true,"href":"https:\/\/dgospel.com.br\/portal\/index.php\/wp-json\/wp\/v2\/categories?post=18850"},{"taxonomy":"post_tag","embeddable":true,"href":"https:\/\/dgospel.com.br\/portal\/index.php\/wp-json\/wp\/v2\/tags?post=18850"}],"curies":[{"name":"wp","href":"https:\/\/api.w.org\/{rel}","templated":true}]}}