{"id":18859,"date":"2024-04-03T08:21:20","date_gmt":"2024-04-03T11:21:20","guid":{"rendered":"https:\/\/dgospel.com.br\/portal\/?p=18859"},"modified":"2024-04-03T08:21:21","modified_gmt":"2024-04-03T11:21:21","slug":"leo-barbosa-destaca-acoes-em-prol-das-pessoas-com-tea-durante-o-1o-encontro-de-pais-de-autistas-do-tocantins","status":"publish","type":"post","link":"https:\/\/dgospel.com.br\/portal\/index.php\/2024\/04\/03\/leo-barbosa-destaca-acoes-em-prol-das-pessoas-com-tea-durante-o-1o-encontro-de-pais-de-autistas-do-tocantins\/","title":{"rendered":"L\u00e9o Barbosa destaca a\u00e7\u00f5es em prol das pessoas com TEA durante o 1\u00ba Encontro de Pais de Autistas do Tocantins\u00a0"},"content":{"rendered":"\n<p>O deputado estadual L\u00e9o Barbosa (Republicanos) participou na manh\u00e3 desta ter\u00e7a-feira, 02, do 1\u00ba Encontro de Pais de Autistas do Tocantins, promovido pelo Governo do Tocantins, por interm\u00e9dio da Superintend\u00eancia da Rede de Cuidados \u00e0 Pessoa com Defici\u00eancia. O evento aconteceu no audit\u00f3rio da OAB em Palmas e reuniu autoridades, profissionais da sa\u00fade e familiares de pessoas com Transtorno do Espectro Autista (TEA).&nbsp;<\/p>\n\n\n\n<p>&#8220;Tenho buscado fazer com que o governo atue nas \u00e1reas mais sens\u00edveis, n\u00e3o s\u00f3 como deputado, mas tamb\u00e9m como pai de autista. Deus nos deu esta miss\u00e3o e todas as vezes que eu falo me emociono um pouco, porque \u00e9 um desafio que transcende a vida p\u00fablica&#8221;, disse L\u00e9o durante o seu pronunciamento.<\/p>\n\n\n\n<p>Na ocasi\u00e3o, o parlamentar tamb\u00e9m ressaltou a sua atua\u00e7\u00e3o na Assembleia Legislativa do Tocantins (Aleto), em prol das pessoas autistas. &#8220;A nossa miss\u00e3o \u00e9 fazer com que as pol\u00edticas p\u00fablicas tragam a inclus\u00e3o. Propus&nbsp;alguns Projetos de Leis e tamb\u00e9m tenho lutado para que as leis existentes sejam cumpridas. Recentemente solicitamos e o Procon fiscalizou&nbsp;a obrigatoriedade de inclus\u00e3o do s\u00edmbolo do Transtorno do Espectro Autista nas placas ou avisos de atendimento priorit\u00e1rio nos com\u00e9rcios,&nbsp;propusemos tamb\u00e9m a emiss\u00e3o da CIPTEA&nbsp;e um Projeto de Lei que pro\u00edbe os planos de sa\u00fade de suspender ou cancelar , sem justa causa e sem aviso pr\u00e9vio, o fornecimento de servi\u00e7os \u00e0 pessoas com TEA&#8221;, destacou o parlamentar.<\/p>\n","protected":false},"excerpt":{"rendered":"<p>O deputado estadual L\u00e9o Barbosa (Republicanos) participou na manh\u00e3 desta ter\u00e7a-feira, 02, do 1\u00ba Encontro de Pais de Autistas do Tocantins, promovido pelo Governo do Tocantins, por interm\u00e9dio da Superintend\u00eancia da Rede de Cuidados \u00e0 Pessoa com Defici\u00eancia. O evento aconteceu no audit\u00f3rio da OAB em Palmas e reuniu autoridades, profissionais da sa\u00fade e familiares [&hellip;]<\/p>\n","protected":false},"author":2,"featured_media":18860,"comment_status":"open","ping_status":"open","sticky":false,"template":"","format":"standard","meta":[],"categories":[8],"tags":[],"_links":{"self":[{"href":"https:\/\/dgospel.com.br\/portal\/index.php\/wp-json\/wp\/v2\/posts\/18859"}],"collection":[{"href":"https:\/\/dgospel.com.br\/portal\/index.php\/wp-json\/wp\/v2\/posts"}],"about":[{"href":"https:\/\/dgospel.com.br\/portal\/index.php\/wp-json\/wp\/v2\/types\/post"}],"author":[{"embeddable":true,"href":"https:\/\/dgospel.com.br\/portal\/index.php\/wp-json\/wp\/v2\/users\/2"}],"replies":[{"embeddable":true,"href":"https:\/\/dgospel.com.br\/portal\/index.php\/wp-json\/wp\/v2\/comments?post=18859"}],"version-history":[{"count":1,"href":"https:\/\/dgospel.com.br\/portal\/index.php\/wp-json\/wp\/v2\/posts\/18859\/revisions"}],"predecessor-version":[{"id":18861,"href":"https:\/\/dgospel.com.br\/portal\/index.php\/wp-json\/wp\/v2\/posts\/18859\/revisions\/18861"}],"wp:featuredmedia":[{"embeddable":true,"href":"https:\/\/dgospel.com.br\/portal\/index.php\/wp-json\/wp\/v2\/media\/18860"}],"wp:attachment":[{"href":"https:\/\/dgospel.com.br\/portal\/index.php\/wp-json\/wp\/v2\/media?parent=18859"}],"wp:term":[{"taxonomy":"category","embeddable":true,"href":"https:\/\/dgospel.com.br\/portal\/index.php\/wp-json\/wp\/v2\/categories?post=18859"},{"taxonomy":"post_tag","embeddable":true,"href":"https:\/\/dgospel.com.br\/portal\/index.php\/wp-json\/wp\/v2\/tags?post=18859"}],"curies":[{"name":"wp","href":"https:\/\/api.w.org\/{rel}","templated":true}]}}