{"id":18862,"date":"2024-04-03T08:59:44","date_gmt":"2024-04-03T11:59:44","guid":{"rendered":"https:\/\/dgospel.com.br\/portal\/?p=18862"},"modified":"2024-04-03T08:59:44","modified_gmt":"2024-04-03T11:59:44","slug":"filho-de-lula-e-acusado-de-agredir-companheira-levei-cotovelada","status":"publish","type":"post","link":"https:\/\/dgospel.com.br\/portal\/index.php\/2024\/04\/03\/filho-de-lula-e-acusado-de-agredir-companheira-levei-cotovelada\/","title":{"rendered":"Filho de Lula \u00e9 acusado de agredir companheira: \u201cLevei cotovelada\u201d"},"content":{"rendered":"\n<p>A m\u00e9dica Nat\u00e1lia Schincariol, 29 anos, acusou seu ex-companheiro, Lu\u00eds Cl\u00e1udio Lula da Silva, 39 anos, filho ca\u00e7ula do presidente Lula (PT), de agress\u00f5es. Segundo ela, o relacionamento durou dois anos e foram v\u00e1rios epis\u00f3dios de viol\u00eancia dom\u00e9stica que foram se intensificando.<\/p>\n\n\n\n<p>Um boletim de ocorr\u00eancia foi aberto nesta ter\u00e7a-feira (2) por meio da internet na Delegacia da Mulher de S\u00e3o Paulo. A v\u00edtima prestou depoimento por videoconfer\u00eancia, para confirmar sua identidade.<\/p>\n\n\n\n<p>Na den\u00fancia, Schincariol afirma que as \u201cagress\u00f5es s\u00e3o de natureza f\u00edsica, verbal, psicol\u00f3gica e moral\u201d. Ela conta tamb\u00e9m que em janeiro deste ano, em uma das brigas no final do m\u00eas, ela foi atingida por \u201cuma cotovelada na barriga\u201d. O motivo da briga foi Lu\u00eds Cl\u00e1udio ter se recusado a entregar o celular da companheira. As informa\u00e7\u00f5es s\u00e3o do Metr\u00f3poles.<\/p>\n\n\n\n<p>A m\u00e9dica conta que por causa das viol\u00eancias sofridas, ela precisou ficar afastada do trabalho e chegou a ser hospitalizada por ter crises de ansiedade. Ela tamb\u00e9m acusa o filho do presidente de fazer amea\u00e7as e ofensas constantes, sendo chamada de \u201clouca\u201d, \u201cvagabunda\u201d e \u201cdoente mental\u201d.<\/p>\n\n\n\n<p><strong>V\u00cdTIMA PEDE RESPEITO AO PRESIDENTE<\/strong><br>Com a repercuss\u00e3o do caso nas redes sociais, a m\u00e9dica pediu respeito \u00e0 fam\u00edlia Lula. Segundo ela, o presidente n\u00e3o pode ser culpado pelas atitudes do filho que tem quase 40 anos de idade.<\/p>\n\n\n\n<p>\u2013 Por favor, deixem o Lula e a fam\u00edlia dele em paz. Ele n\u00e3o tem nada a v\u00ea (sic) com isso. Parem de responsabilizar os familiares por maldades de um homem adulto de 40 anos. S\u00e3o pessoas totalmente diferentes. Respeitem a fam\u00edlia Lula \u2013 pediu Schincariol.<\/p>\n","protected":false},"excerpt":{"rendered":"<p>A m\u00e9dica Nat\u00e1lia Schincariol, 29 anos, acusou seu ex-companheiro, Lu\u00eds Cl\u00e1udio Lula da Silva, 39 anos, filho ca\u00e7ula do presidente Lula (PT), de agress\u00f5es. Segundo ela, o relacionamento durou dois anos e foram v\u00e1rios epis\u00f3dios de viol\u00eancia dom\u00e9stica que foram se intensificando. Um boletim de ocorr\u00eancia foi aberto nesta ter\u00e7a-feira (2) por meio da internet [&hellip;]<\/p>\n","protected":false},"author":2,"featured_media":18863,"comment_status":"open","ping_status":"open","sticky":false,"template":"","format":"standard","meta":[],"categories":[10],"tags":[],"_links":{"self":[{"href":"https:\/\/dgospel.com.br\/portal\/index.php\/wp-json\/wp\/v2\/posts\/18862"}],"collection":[{"href":"https:\/\/dgospel.com.br\/portal\/index.php\/wp-json\/wp\/v2\/posts"}],"about":[{"href":"https:\/\/dgospel.com.br\/portal\/index.php\/wp-json\/wp\/v2\/types\/post"}],"author":[{"embeddable":true,"href":"https:\/\/dgospel.com.br\/portal\/index.php\/wp-json\/wp\/v2\/users\/2"}],"replies":[{"embeddable":true,"href":"https:\/\/dgospel.com.br\/portal\/index.php\/wp-json\/wp\/v2\/comments?post=18862"}],"version-history":[{"count":1,"href":"https:\/\/dgospel.com.br\/portal\/index.php\/wp-json\/wp\/v2\/posts\/18862\/revisions"}],"predecessor-version":[{"id":18864,"href":"https:\/\/dgospel.com.br\/portal\/index.php\/wp-json\/wp\/v2\/posts\/18862\/revisions\/18864"}],"wp:featuredmedia":[{"embeddable":true,"href":"https:\/\/dgospel.com.br\/portal\/index.php\/wp-json\/wp\/v2\/media\/18863"}],"wp:attachment":[{"href":"https:\/\/dgospel.com.br\/portal\/index.php\/wp-json\/wp\/v2\/media?parent=18862"}],"wp:term":[{"taxonomy":"category","embeddable":true,"href":"https:\/\/dgospel.com.br\/portal\/index.php\/wp-json\/wp\/v2\/categories?post=18862"},{"taxonomy":"post_tag","embeddable":true,"href":"https:\/\/dgospel.com.br\/portal\/index.php\/wp-json\/wp\/v2\/tags?post=18862"}],"curies":[{"name":"wp","href":"https:\/\/api.w.org\/{rel}","templated":true}]}}