{"id":18874,"date":"2024-04-03T09:11:28","date_gmt":"2024-04-03T12:11:28","guid":{"rendered":"https:\/\/dgospel.com.br\/portal\/?p=18874"},"modified":"2024-04-03T09:11:29","modified_gmt":"2024-04-03T12:11:29","slug":"estado-islamico-convoca-lobos-solitarios-para-matar-judeus-e-cristaos-no-ramada","status":"publish","type":"post","link":"https:\/\/dgospel.com.br\/portal\/index.php\/2024\/04\/03\/estado-islamico-convoca-lobos-solitarios-para-matar-judeus-e-cristaos-no-ramada\/","title":{"rendered":"Estado Isl\u00e2mico convoca \u2018lobos solit\u00e1rios\u2019 para matar judeus e crist\u00e3os no Ramad\u00e3"},"content":{"rendered":"\n<p>O grupo terrorista Estado Isl\u00e2mico convocou \u201clobos solit\u00e1rios\u201d para&nbsp;<a href=\"https:\/\/guiame.com.br\/gospel\/noticias\/estado-islamico-declara-guerra-aos-cristaos-e-promete-ritual-sangrento\"><strong>assassinar crist\u00e3os e judeus<\/strong><\/a>&nbsp;em todo o mundo durante o m\u00eas do Ramad\u00e3.&nbsp;<\/p>\n\n\n\n<p>O \u201clobo solit\u00e1rio\u201d \u00e9 algu\u00e9m que prepara e comete&nbsp;<a href=\"https:\/\/guiame.com.br\/gospel\/missoes-acao-social\/terroristas-matam-10-cristaos-apos-se-recusarem-negar-jesus-em-uganda.html\"><strong>atos violentos<\/strong><\/a>&nbsp;sozinho, fora da estrutura de comando do grupo ao qual se identifica, mas colaborando com ele de forma independente.&nbsp;<\/p>\n\n\n\n<p>Conforme o The Jerusalem Post, a informa\u00e7\u00e3o sobre a convoca\u00e7\u00e3o de ataque veio do ve\u00edculo de comunica\u00e7\u00e3o brit\u00e2nico Mirror, na sexta-feira (29).&nbsp;<\/p>\n\n\n\n<p><strong>Massacre em Moscou<\/strong><\/p>\n\n\n\n<p>O porta-voz do Estado Isl\u00e2mico, Abu Hudhayfah al-Ansari, elogiou o&nbsp;<a href=\"https:\/\/guiame.com.br\/gospel\/noticias\/pastor-russo-pede-oracoes-apos-ataque-terrorista-em-moscou.html\"><strong>ataque terrorista ao Crocus Concert Hall<\/strong><\/a>, perto de Moscou, onde 140 pessoas foram assassinadas.<\/p>\n\n\n\n<p>Depois do massacre na R\u00fassia, Al-Ansari passou a contatar os \u201clobos solit\u00e1rios\u201d pelo Telegram, inspirando-os a \u201cvisar os crist\u00e3os e o povo judeu, especialmente nos EUA, na Europa e em Israel, durante o m\u00eas de jejum dos mu\u00e7ulmanos\u201d.&nbsp;<\/p>\n\n\n\n<p>Comemorando o 10\u00ba anivers\u00e1rio da declara\u00e7\u00e3o do califado do Estado Isl\u00e2mico no Iraque e na S\u00edria, al-Ansari afirmou tamb\u00e9m que as tropas americanas no Iraque \u201cser\u00e3o atacadas\u201d pela organiza\u00e7\u00e3o terrorista.<\/p>\n\n\n\n<p><strong>Convoca\u00e7\u00e3o dos mais novos para a Jihad<\/strong><\/p>\n\n\n\n<p>Atrav\u00e9s de um \u00e1udio de 41 minutos, o porta-voz \u201cdestacou e elogiou a expans\u00e3o global do Estado Isl\u00e2mico\u201d e criticou duramente a organiza\u00e7\u00e3o terrorista Al-Qaeda, alegando que esta se desviou do seu caminho.<\/p>\n\n\n\n<p>O porta-voz terrorista tamb\u00e9m instou os membros em Mo\u00e7ambique a \u201cduplicar os ataques\u201d e falou aos terroristas nas Filipinas para \u201ctransferirem as opera\u00e7\u00f5es para as principais cidades\u201d, sinalizando uma escalada perigosa.<\/p>\n\n\n\n<p>Ele enfatizou a obedi\u00eancia aos mais velhos e a divulga\u00e7\u00e3o da mensagem do Estado Isl\u00e2mico por toda parte, apelando \u00e0queles que se envolvem na Jihad (guerra santa isl\u00e2mica), tamb\u00e9m conhecidos como Mujahidin, a atenderem \u00e0s ordens dos seus l\u00edderes.<\/p>\n\n\n\n<p><strong>\u2018M\u00e9todos de assassinato em massa\u2019<\/strong><\/p>\n\n\n\n<p>Abu Hudhayfah al-Ansari assumiu o cargo em agosto de 2023, substituindo Abu Omar al-Muhajir e sua ret\u00f3rica antissemita ressoou fortemente entre os extremistas, ainda conforme o The Jerusalem Post.&nbsp;<\/p>\n\n\n\n<p>No dia 4 de janeiro, al-Ansari afirmou que \u201co monote\u00edsmo \u00e9 o objetivo e a Jihad \u00e9 o caminho\u201d. Ele ent\u00e3o declarou que o conflito com o povo judeu \u201cn\u00e3o terminar\u00e1 em nenhuma das solu\u00e7\u00f5es atualmente sugeridas\u201d.<\/p>\n\n\n\n<p>\u201c\u00c9 uma guerra religiosa e ideol\u00f3gica que continuar\u00e1\u201d, disse al-Ansari, seguido de uma lista de v\u00e1rios m\u00e9todos de assassinato em massa.<\/p>\n","protected":false},"excerpt":{"rendered":"<p>O grupo terrorista Estado Isl\u00e2mico convocou \u201clobos solit\u00e1rios\u201d para&nbsp;assassinar crist\u00e3os e judeus&nbsp;em todo o mundo durante o m\u00eas do Ramad\u00e3.&nbsp; O \u201clobo solit\u00e1rio\u201d \u00e9 algu\u00e9m que prepara e comete&nbsp;atos violentos&nbsp;sozinho, fora da estrutura de comando do grupo ao qual se identifica, mas colaborando com ele de forma independente.&nbsp; Conforme o The Jerusalem Post, a informa\u00e7\u00e3o [&hellip;]<\/p>\n","protected":false},"author":2,"featured_media":18875,"comment_status":"open","ping_status":"open","sticky":false,"template":"","format":"standard","meta":[],"categories":[11,12,16],"tags":[],"_links":{"self":[{"href":"https:\/\/dgospel.com.br\/portal\/index.php\/wp-json\/wp\/v2\/posts\/18874"}],"collection":[{"href":"https:\/\/dgospel.com.br\/portal\/index.php\/wp-json\/wp\/v2\/posts"}],"about":[{"href":"https:\/\/dgospel.com.br\/portal\/index.php\/wp-json\/wp\/v2\/types\/post"}],"author":[{"embeddable":true,"href":"https:\/\/dgospel.com.br\/portal\/index.php\/wp-json\/wp\/v2\/users\/2"}],"replies":[{"embeddable":true,"href":"https:\/\/dgospel.com.br\/portal\/index.php\/wp-json\/wp\/v2\/comments?post=18874"}],"version-history":[{"count":1,"href":"https:\/\/dgospel.com.br\/portal\/index.php\/wp-json\/wp\/v2\/posts\/18874\/revisions"}],"predecessor-version":[{"id":18876,"href":"https:\/\/dgospel.com.br\/portal\/index.php\/wp-json\/wp\/v2\/posts\/18874\/revisions\/18876"}],"wp:featuredmedia":[{"embeddable":true,"href":"https:\/\/dgospel.com.br\/portal\/index.php\/wp-json\/wp\/v2\/media\/18875"}],"wp:attachment":[{"href":"https:\/\/dgospel.com.br\/portal\/index.php\/wp-json\/wp\/v2\/media?parent=18874"}],"wp:term":[{"taxonomy":"category","embeddable":true,"href":"https:\/\/dgospel.com.br\/portal\/index.php\/wp-json\/wp\/v2\/categories?post=18874"},{"taxonomy":"post_tag","embeddable":true,"href":"https:\/\/dgospel.com.br\/portal\/index.php\/wp-json\/wp\/v2\/tags?post=18874"}],"curies":[{"name":"wp","href":"https:\/\/api.w.org\/{rel}","templated":true}]}}