{"id":18877,"date":"2024-04-03T09:55:24","date_gmt":"2024-04-03T12:55:24","guid":{"rendered":"https:\/\/dgospel.com.br\/portal\/?p=18877"},"modified":"2024-04-03T09:55:40","modified_gmt":"2024-04-03T12:55:40","slug":"vereador-rubens-uchoa-parabeniza-deputada-janad-valcari-pela-emenda-destinada-a-palmas-to","status":"publish","type":"post","link":"https:\/\/dgospel.com.br\/portal\/index.php\/2024\/04\/03\/vereador-rubens-uchoa-parabeniza-deputada-janad-valcari-pela-emenda-destinada-a-palmas-to\/","title":{"rendered":"Vereador Rubens Uch\u00f4a parabeniza Deputada Janad Valcari pela emenda destinada a Palmas"},"content":{"rendered":"\n<p>O vereador Rubens Uchoa, em sua fala durante a sess\u00e3o ordin\u00e1ria realizada no dia 27 de mar\u00e7o, no plen\u00e1rio da C\u00e2mara Municipal, expressou seus sinceros elogios \u00e0 Deputada Janad Valcari, que recentemente destinou 1 milh\u00e3o de reais em emendas para a \u00e1rea da sa\u00fade em nossa capital. Reconhecendo a trajet\u00f3ria de Janad, que tamb\u00e9m passou por este parlamento como vereadora, ele ressaltou sua sensibilidade para com as necessidades da sa\u00fade em Palmas, destacando-a como uma das poucas deputadas que genuinamente se preocupam com o bem-estar da nossa cidade.<\/p>\n\n\n\n<p>&#8220;Subo hoje \u00e0 tribuna para parabenizar a Deputada Janad Valcari pelo comprometimento demonstrado ao destinar 1 milh\u00e3o de reais em emendas para a \u00e1rea da sa\u00fade em nossa capital. Conhecendo sua trajet\u00f3ria, sabemos que ela compreende profundamente as demandas da sa\u00fade em Palmas, tendo em vista sua passagem por este parlamento como vereadora. Janad \u00e9 uma das poucas deputadas que verdadeiramente se dedicam aos interesses de nossa cidade. Agrade\u00e7o a ela por zelar pela sa\u00fade da nossa capital.&#8221;<\/p>\n\n\n\n<p>Al\u00e9m disso, Rubens Uchoa refor\u00e7ou seu papel de fiscalizador e cobrador na \u00e1rea da sa\u00fade, ressaltando a import\u00e2ncia de um olhar especial para as necessidades urgentes desse setor em Palmas. Ele tamb\u00e9m fez quest\u00e3o de salientar que, como vereador, tamb\u00e9m destinou emendas para as Unidades B\u00e1sicas de Sa\u00fade da capital, evidenciando seu comprometimento com a melhoria dos servi\u00e7os de sa\u00fade locais.<br><br><br><\/p>\n","protected":false},"excerpt":{"rendered":"<p>O vereador Rubens Uchoa, em sua fala durante a sess\u00e3o ordin\u00e1ria realizada no dia 27 de mar\u00e7o, no plen\u00e1rio da C\u00e2mara Municipal, expressou seus sinceros elogios \u00e0 Deputada Janad Valcari, que recentemente destinou 1 milh\u00e3o de reais em emendas para a \u00e1rea da sa\u00fade em nossa capital. Reconhecendo a trajet\u00f3ria de Janad, que tamb\u00e9m passou [&hellip;]<\/p>\n","protected":false},"author":2,"featured_media":18878,"comment_status":"open","ping_status":"open","sticky":false,"template":"","format":"standard","meta":[],"categories":[8],"tags":[],"_links":{"self":[{"href":"https:\/\/dgospel.com.br\/portal\/index.php\/wp-json\/wp\/v2\/posts\/18877"}],"collection":[{"href":"https:\/\/dgospel.com.br\/portal\/index.php\/wp-json\/wp\/v2\/posts"}],"about":[{"href":"https:\/\/dgospel.com.br\/portal\/index.php\/wp-json\/wp\/v2\/types\/post"}],"author":[{"embeddable":true,"href":"https:\/\/dgospel.com.br\/portal\/index.php\/wp-json\/wp\/v2\/users\/2"}],"replies":[{"embeddable":true,"href":"https:\/\/dgospel.com.br\/portal\/index.php\/wp-json\/wp\/v2\/comments?post=18877"}],"version-history":[{"count":3,"href":"https:\/\/dgospel.com.br\/portal\/index.php\/wp-json\/wp\/v2\/posts\/18877\/revisions"}],"predecessor-version":[{"id":18881,"href":"https:\/\/dgospel.com.br\/portal\/index.php\/wp-json\/wp\/v2\/posts\/18877\/revisions\/18881"}],"wp:featuredmedia":[{"embeddable":true,"href":"https:\/\/dgospel.com.br\/portal\/index.php\/wp-json\/wp\/v2\/media\/18878"}],"wp:attachment":[{"href":"https:\/\/dgospel.com.br\/portal\/index.php\/wp-json\/wp\/v2\/media?parent=18877"}],"wp:term":[{"taxonomy":"category","embeddable":true,"href":"https:\/\/dgospel.com.br\/portal\/index.php\/wp-json\/wp\/v2\/categories?post=18877"},{"taxonomy":"post_tag","embeddable":true,"href":"https:\/\/dgospel.com.br\/portal\/index.php\/wp-json\/wp\/v2\/tags?post=18877"}],"curies":[{"name":"wp","href":"https:\/\/api.w.org\/{rel}","templated":true}]}}