{"id":18882,"date":"2024-04-04T11:49:51","date_gmt":"2024-04-04T14:49:51","guid":{"rendered":"https:\/\/dgospel.com.br\/portal\/?p=18882"},"modified":"2024-04-04T11:49:52","modified_gmt":"2024-04-04T14:49:52","slug":"lula-gastou-61-a-menos-que-jair-bolsonaro-contra-dengue-em-2023","status":"publish","type":"post","link":"https:\/\/dgospel.com.br\/portal\/index.php\/2024\/04\/04\/lula-gastou-61-a-menos-que-jair-bolsonaro-contra-dengue-em-2023\/","title":{"rendered":"Lula gastou 61% a menos que Jair Bolsonaro contra dengue em 2023"},"content":{"rendered":"\n<p>Os gastos do Minist\u00e9rio da Sa\u00fade com campanhas de preven\u00e7\u00e3o contra a dengue em 2023, o primeiro ano do terceiro governo&nbsp;<a href=\"http:\/\/pleno.news\/tag\/lula\" target=\"_blank\" rel=\"noreferrer noopener\">Lula<\/a>&nbsp;(PT), foram 61% menores que os de 2022, \u00faltimo ano da gest\u00e3o do ex-presidente&nbsp;<a href=\"http:\/\/pleno.news\/tag\/jair-bolsonaro\" target=\"_blank\" rel=\"noreferrer noopener\">Jair Bolsonaro<\/a>&nbsp;(PL). Coincidentemente, o Brasil vive neste ano um dos piores surtos de dengue da hist\u00f3ria, com aproximadamente 2,6 milh\u00f5es de casos e mais de mil mortes.<\/p>\n\n\n\n<p>Em 2022, os gastos com campanhas de conscientiza\u00e7\u00e3o sobre a dengue foram de R$ 31,6 milh\u00f5es, em valores corrigidos pela infla\u00e7\u00e3o. J\u00e1 no ano passado, a quantia caiu para R$ 12 milh\u00f5es. As cr\u00edticas ao atual governo sobre o aumento dos casos da doen\u00e7a decorrem justamente do menor esfor\u00e7o com a\u00e7\u00f5es de orienta\u00e7\u00e3o para prevenir a prolifera\u00e7\u00e3o do mosquito Aedes aegypti.<\/p>\n\n\n\n<p>Vale ressaltar que o valor utilizado nas campanhas contra a dengue em 2023 foram os menores desde 2019. As informa\u00e7\u00f5es foram divulgadas pelo site Poder360 e obtidas a partir do Sistema de Comunica\u00e7\u00e3o de Governo do Poder Executivo Federal (Sicom).<\/p>\n\n\n\n<p>Em nota, o Minist\u00e9rio da Sa\u00fade alegou que os dados divulgados pelo levantamento n\u00e3o incluem fases de continua\u00e7\u00e3o das campanhas contra a dengue em janeiro e fevereiro de 2024. Segundo o minist\u00e9rio, o total seria de R$ 35 milh\u00f5es com a inclus\u00e3o desses valores. Por\u00e9m, no sistema de comunica\u00e7\u00e3o do governo, os dois primeiros meses de 2024 somam apenas R$ 3,8 milh\u00f5es.<\/p>\n","protected":false},"excerpt":{"rendered":"<p>Os gastos do Minist\u00e9rio da Sa\u00fade com campanhas de preven\u00e7\u00e3o contra a dengue em 2023, o primeiro ano do terceiro governo&nbsp;Lula&nbsp;(PT), foram 61% menores que os de 2022, \u00faltimo ano da gest\u00e3o do ex-presidente&nbsp;Jair Bolsonaro&nbsp;(PL). Coincidentemente, o Brasil vive neste ano um dos piores surtos de dengue da hist\u00f3ria, com aproximadamente 2,6 milh\u00f5es de casos [&hellip;]<\/p>\n","protected":false},"author":2,"featured_media":18883,"comment_status":"open","ping_status":"open","sticky":false,"template":"","format":"standard","meta":[],"categories":[11,12,10],"tags":[],"_links":{"self":[{"href":"https:\/\/dgospel.com.br\/portal\/index.php\/wp-json\/wp\/v2\/posts\/18882"}],"collection":[{"href":"https:\/\/dgospel.com.br\/portal\/index.php\/wp-json\/wp\/v2\/posts"}],"about":[{"href":"https:\/\/dgospel.com.br\/portal\/index.php\/wp-json\/wp\/v2\/types\/post"}],"author":[{"embeddable":true,"href":"https:\/\/dgospel.com.br\/portal\/index.php\/wp-json\/wp\/v2\/users\/2"}],"replies":[{"embeddable":true,"href":"https:\/\/dgospel.com.br\/portal\/index.php\/wp-json\/wp\/v2\/comments?post=18882"}],"version-history":[{"count":1,"href":"https:\/\/dgospel.com.br\/portal\/index.php\/wp-json\/wp\/v2\/posts\/18882\/revisions"}],"predecessor-version":[{"id":18884,"href":"https:\/\/dgospel.com.br\/portal\/index.php\/wp-json\/wp\/v2\/posts\/18882\/revisions\/18884"}],"wp:featuredmedia":[{"embeddable":true,"href":"https:\/\/dgospel.com.br\/portal\/index.php\/wp-json\/wp\/v2\/media\/18883"}],"wp:attachment":[{"href":"https:\/\/dgospel.com.br\/portal\/index.php\/wp-json\/wp\/v2\/media?parent=18882"}],"wp:term":[{"taxonomy":"category","embeddable":true,"href":"https:\/\/dgospel.com.br\/portal\/index.php\/wp-json\/wp\/v2\/categories?post=18882"},{"taxonomy":"post_tag","embeddable":true,"href":"https:\/\/dgospel.com.br\/portal\/index.php\/wp-json\/wp\/v2\/tags?post=18882"}],"curies":[{"name":"wp","href":"https:\/\/api.w.org\/{rel}","templated":true}]}}